{"id":13357,"date":"2020-03-17T16:05:36","date_gmt":"2020-03-17T19:05:36","guid":{"rendered":"https:\/\/blogs.correiobraziliense.com.br\/vicente\/?p=13357"},"modified":"2020-03-17T17:53:15","modified_gmt":"2020-03-17T20:53:15","slug":"caixa-registra-o-primeiro-caso-de-coronavirus-em-sua-sede-em-brasilia","status":"publish","type":"post","link":"https:\/\/blogs.correiobraziliense.com.br\/vicente\/caixa-registra-o-primeiro-caso-de-coronavirus-em-sua-sede-em-brasilia\/","title":{"rendered":"Caixa registra o primeiro caso de coronav\u00edrus em sua sede, em Bras\u00edlia"},"content":{"rendered":"<p>A Caixa Econ\u00f4mica Federal registrou o primeiro caso de coronav\u00edrus em sua sede, em Bras\u00edlia. O caso foi constatado no 15\u00ba andar, que foi evacuado.<\/p>\n<p>&nbsp;<\/p>\n<p>Todos os funcion\u00e1rios do banco desse andar foram colocados em quarentena, por 14 dias. O clima do banco \u00e9 de apreens\u00e3o.<\/p>\n<p>&nbsp;<\/p>\n<p>Em nota enviada ao <strong>Blog<\/strong>, a Caixa informa que o empregado diagnosticado com a Covid-19 n\u00e3o estava no local de trabalho quando recebeu o laudo do exame. Ele se encontra em casa, com acompanhamento m\u00e9dico.<\/p>\n<p>&nbsp;<\/p>\n<p>A Caixa informa ainda que, seguindo os protocolos do Minist\u00e9rio da Sa\u00fade, todas as pessoas lotadas no andar em que trabalha o empregado contaminado pelo novo coronav\u00edrus e que tiveram contado com ele &#8220;foram notificadas e orientadas a trabalhar em sistema remoto pelo prazo de 14 dias&#8221;.<\/p>\n<p>&nbsp;<\/p>\n<p>O banco alega que providenciou a higieniza\u00e7\u00e3o de todo o andar onde o caso de coronav\u00edrus foi constatado.<\/p>\n<p>&nbsp;<\/p>\n<p><em>Bras\u00edlia, 16h05min<\/em><\/p>\n","protected":false},"excerpt":{"rendered":"<p>A Caixa Econ\u00f4mica Federal registrou o primeiro caso de coronav\u00edrus em sua sede, em Bras\u00edlia. O caso foi constatado no 15\u00ba andar, que foi evacuado. &nbsp; Todos os funcion\u00e1rios do banco desse andar foram colocados em quarentena, por 14 dias. O clima do banco \u00e9 de apreens\u00e3o. &nbsp; Em nota enviada ao Blog, a Caixa [&hellip;]<\/p>\n","protected":false},"author":22,"featured_media":13359,"comment_status":"open","ping_status":"closed","sticky":false,"template":"","format":"standard","meta":{"footnotes":""},"categories":[600],"tags":[4499,110,4498,4501,4419],"class_list":["post-13357","post","type-post","status-publish","format-standard","has-post-thumbnail","hentry","category-economia","tag-15o-andar","tag-caixa","tag-confirmacao","tag-contaminacao","tag-coronavirus"],"_links":{"self":[{"href":"https:\/\/blogs.correiobraziliense.com.br\/vicente\/wp-json\/wp\/v2\/posts\/13357","targetHints":{"allow":["GET"]}}],"collection":[{"href":"https:\/\/blogs.correiobraziliense.com.br\/vicente\/wp-json\/wp\/v2\/posts"}],"about":[{"href":"https:\/\/blogs.correiobraziliense.com.br\/vicente\/wp-json\/wp\/v2\/types\/post"}],"author":[{"embeddable":true,"href":"https:\/\/blogs.correiobraziliense.com.br\/vicente\/wp-json\/wp\/v2\/users\/22"}],"replies":[{"embeddable":true,"href":"https:\/\/blogs.correiobraziliense.com.br\/vicente\/wp-json\/wp\/v2\/comments?post=13357"}],"version-history":[{"count":4,"href":"https:\/\/blogs.correiobraziliense.com.br\/vicente\/wp-json\/wp\/v2\/posts\/13357\/revisions"}],"predecessor-version":[{"id":13365,"href":"https:\/\/blogs.correiobraziliense.com.br\/vicente\/wp-json\/wp\/v2\/posts\/13357\/revisions\/13365"}],"wp:featuredmedia":[{"embeddable":true,"href":"https:\/\/blogs.correiobraziliense.com.br\/vicente\/wp-json\/wp\/v2\/media\/13359"}],"wp:attachment":[{"href":"https:\/\/blogs.correiobraziliense.com.br\/vicente\/wp-json\/wp\/v2\/media?parent=13357"}],"wp:term":[{"taxonomy":"category","embeddable":true,"href":"https:\/\/blogs.correiobraziliense.com.br\/vicente\/wp-json\/wp\/v2\/categories?post=13357"},{"taxonomy":"post_tag","embeddable":true,"href":"https:\/\/blogs.correiobraziliense.com.br\/vicente\/wp-json\/wp\/v2\/tags?post=13357"}],"curies":[{"name":"wp","href":"https:\/\/api.w.org\/{rel}","templated":true}]}}