{"id":13351,"date":"2020-03-17T16:32:42","date_gmt":"2020-03-17T19:32:42","guid":{"rendered":"https:\/\/blogs.correiobraziliense.com.br\/vicente\/?p=13351"},"modified":"2020-03-17T17:36:35","modified_gmt":"2020-03-17T20:36:35","slug":"credit-suisse-preve-recessao-no-primeiro-semestre-de-2020","status":"publish","type":"post","link":"https:\/\/blogs.correiobraziliense.com.br\/vicente\/credit-suisse-preve-recessao-no-primeiro-semestre-de-2020\/","title":{"rendered":"Credit Suisse prev\u00ea recess\u00e3o no primeiro semestre de 2020"},"content":{"rendered":"<h2>ROSANA HESSEL<\/h2>\n<h2><\/h2>\n<h2>A pandemia da Covid-19, provocada pelo novo coronav\u00edrus, est\u00e1 colocando o mundo em quarentena e os economistas n\u00e3o param de reduzir as proje\u00e7\u00f5es de crescimento global. A palavra do momento \u00e9 recess\u00e3o, inclusive, no Brasil.\u00a0O Credit Suisse acaba de 1,4% para zero a expectativa de crescimento do Produto Interno Bruto (PIB) brasileiro em 2020, devido ao impacto do novo coronav\u00edrus na economia brasileira e prev\u00ea recess\u00e3o no primeiro semestre.<\/h2>\n<p>&nbsp;<\/p>\n<p>\u201cNosso cen\u00e1rio de caso base agora \u00e9 compat\u00edvel com uma recess\u00e3o no primeiro semestre\u201d, informou o relat\u00f3rio do banco su\u00ed\u00e7o ao qual o <strong>Blog<\/strong> teve acesso. A institui\u00e7\u00e3o prev\u00ea contra\u00e7\u00f5es de 0,1%, no primeiro trimestre, e de 1,6%, no segundo trimestre, e ainda cogita uma piora na atividade na segunda metade do ano. \u201cN\u00e3o \u00e9 poss\u00edvel descartar uma recess\u00e3o muito mais significativa, dependendo do tempo que leva para o governo para conter o impacto negativo do v\u00edrus\u201d, alertou.<\/p>\n<p>&nbsp;<\/p>\n<p>O Credit Suisse, para quem tem mem\u00f3ria curta, \u00e9 aquele banco su\u00ed\u00e7o que previa que o PIB brasileiro iria crescer apenas 1,5%, em 2012, e o ent\u00e3o ministro da Fazenda, Guido Mantega, disse que a previs\u00e3o era \u201cuma piada\u201d. Pouco mais tarde, quem virou piada foi o ministro que tinha uma estimativa mais do que o dobro do que acabou de fato ocorrendo, uma alta de 1,9% naquele ano.<\/p>\n<p>&nbsp;<\/p>\n<p>Logo, o atual inquilino do quinto andar do Bloco P da Esplanada dos Minist\u00e9rios, o ministro da Economia, Paulo Guedes, e sua equipe de t\u00e9cnicos otimistas precisam tomar cuidado com o que falam. Eles ainda acreditam que a economia brasileira crescer\u00e1 mais do que o dobro do que preveem os mais pessimistas do momento e o ministro chegou a falar que o choque \u00e9 &#8220;passageiro&#8221; e que a &#8220;China j\u00e1 estava saindo&#8221; da crise. A estimativa da pasta, de avan\u00e7o de 2,1% no PIB deste ano j\u00e1 virou piada entre os economistas. J\u00e1 est\u00e1 ficando constrangedor para os t\u00e9cnicos do governo explicarem essa proje\u00e7\u00e3o, que leva em conta, por exemplo, um barril de petr\u00f3leo acima de US$ 50.<\/p>\n<p>&nbsp;<\/p>\n<p>&nbsp;<\/p>\n","protected":false},"excerpt":{"rendered":"<p>ROSANA HESSEL A pandemia da Covid-19, provocada pelo novo coronav\u00edrus, est\u00e1 colocando o mundo em quarentena e os economistas n\u00e3o param de reduzir as proje\u00e7\u00f5es de crescimento global. A palavra do momento \u00e9 recess\u00e3o, inclusive, no Brasil.\u00a0O Credit Suisse acaba de 1,4% para zero a expectativa de crescimento do Produto Interno Bruto (PIB) brasileiro em [&hellip;]<\/p>\n","protected":false},"author":22,"featured_media":0,"comment_status":"open","ping_status":"closed","sticky":false,"template":"","format":"standard","meta":{"footnotes":""},"categories":[600],"tags":[4497,58,31],"class_list":["post-13351","post","type-post","status-publish","format-standard","hentry","category-economia","tag-credit-suisse","tag-pib","tag-recessao"],"_links":{"self":[{"href":"https:\/\/blogs.correiobraziliense.com.br\/vicente\/wp-json\/wp\/v2\/posts\/13351","targetHints":{"allow":["GET"]}}],"collection":[{"href":"https:\/\/blogs.correiobraziliense.com.br\/vicente\/wp-json\/wp\/v2\/posts"}],"about":[{"href":"https:\/\/blogs.correiobraziliense.com.br\/vicente\/wp-json\/wp\/v2\/types\/post"}],"author":[{"embeddable":true,"href":"https:\/\/blogs.correiobraziliense.com.br\/vicente\/wp-json\/wp\/v2\/users\/22"}],"replies":[{"embeddable":true,"href":"https:\/\/blogs.correiobraziliense.com.br\/vicente\/wp-json\/wp\/v2\/comments?post=13351"}],"version-history":[{"count":4,"href":"https:\/\/blogs.correiobraziliense.com.br\/vicente\/wp-json\/wp\/v2\/posts\/13351\/revisions"}],"predecessor-version":[{"id":13361,"href":"https:\/\/blogs.correiobraziliense.com.br\/vicente\/wp-json\/wp\/v2\/posts\/13351\/revisions\/13361"}],"wp:attachment":[{"href":"https:\/\/blogs.correiobraziliense.com.br\/vicente\/wp-json\/wp\/v2\/media?parent=13351"}],"wp:term":[{"taxonomy":"category","embeddable":true,"href":"https:\/\/blogs.correiobraziliense.com.br\/vicente\/wp-json\/wp\/v2\/categories?post=13351"},{"taxonomy":"post_tag","embeddable":true,"href":"https:\/\/blogs.correiobraziliense.com.br\/vicente\/wp-json\/wp\/v2\/tags?post=13351"}],"curies":[{"name":"wp","href":"https:\/\/api.w.org\/{rel}","templated":true}]}}