{"id":13348,"date":"2020-03-16T20:20:29","date_gmt":"2020-03-16T23:20:29","guid":{"rendered":"https:\/\/blogs.correiobraziliense.com.br\/vicente\/?p=13348"},"modified":"2020-03-16T20:52:23","modified_gmt":"2020-03-16T23:52:23","slug":"parte-do-pacote-de-guedes-para-enfrentar-coronavirus-depende-do-congresso","status":"publish","type":"post","link":"https:\/\/blogs.correiobraziliense.com.br\/vicente\/parte-do-pacote-de-guedes-para-enfrentar-coronavirus-depende-do-congresso\/","title":{"rendered":"Parte do pacote de Guedes para enfrentar coronav\u00edrus depende do Congresso"},"content":{"rendered":"<h2>O ministro da Economia, Paulo Guedes, convocou entrevista coletiva para anunciar medidas emergenciais para enfrentar o novo coronav\u00edrus, mas esqueceu de dizer que boa parte das propostas que somam R$ 147,3 bilh\u00f5es depende do Congresso, o qual foi alvo de ataque do presidente Jair Bolsonaro nas manifesta\u00e7\u00f5es do fim de semana.<\/h2>\n<p>&nbsp;<\/p>\n<p>No caso, por exemplo,\u00a0da transfer\u00eancia de R$ 21,5 bilh\u00f5es de recursos n\u00e3o sacados do PIS\/Pasep para o Fundo de Garantia por Tempo de Servi\u00e7o (FGTS), dinheiro que poder\u00e1 ser sacado pelos trabalhadores, ser\u00e1 necess\u00e1rio o aval de parlamentares, assim como o adiamento, por tr\u00eas meses, do recolhimento do FGTS pelas empresas.<\/p>\n<p>&nbsp;<\/p>\n<p>\u00c9 o caso, tamb\u00e9m, da proposta que prev\u00ea a inclus\u00e3o de mais 1 milh\u00e3o de fam\u00edlias no Bolsa Fam\u00edlia. Como o gasto adicional de R$ 3,1 bilh\u00f5es n\u00e3o est\u00e1 previsto no Or\u00e7amento de 2020, ser\u00e1 preciso que o Executivo encaminhe um PLN ao Legislativo.<\/p>\n<p>&nbsp;<\/p>\n<p>J\u00e1 a suspens\u00e3o o pagamento de impostos pelo Simples precisa do aval do Conselho Gestor do programa e a redu\u00e7\u00e3o dos impostos de importa\u00e7\u00e3o incidentes sobre produtos da \u00e1rea de sa\u00fade depende de aprova\u00e7\u00e3o da C\u00e2mara de Com\u00e9rcio Exterior (Camex). Nesses casos, como det\u00e9m o dom\u00ednio na m\u00e1quina, n\u00e3o haver\u00e1 grande problema para as medidas serem colocadas em pr\u00e1tica.<\/p>\n<p>&nbsp;<\/p>\n<p><strong>Caneta limitada<\/strong><\/p>\n<p>&nbsp;<\/p>\n<p>Da caneta do presidente Bolsonaro, mesmo, s\u00f3 sair\u00e1 o decreto para a antecipa\u00e7\u00e3o das parcelas do 13% sal\u00e1rio pago a aposentados e pensionistas do Instituto Nacional do Seguro Social (INSS). O adiantamento da primeira parcela para abril j\u00e1 havia sido anunciado na semana passada. Agora, Guedes informou que haver\u00e1 a antecipa\u00e7\u00e3o da segunda parcela para maio.<\/p>\n<p>&nbsp;<\/p>\n<p>Diante desse quadro, fica claro o quanto o governo est\u00e1 nas m\u00e3os do Congresso para aprovar medidas b\u00e1sicas. Portanto, n\u00e3o \u00e9 de bom tom que o presidente da Rep\u00fablica declare guerra a um poder do qual precisa \u2014 e muito. O que se v\u00ea \u00e9 um tremenda falta de maturidade por parte do ocupante da principal cadeira do Pal\u00e1cio do Planalto.<\/p>\n<p>&nbsp;<\/p>\n<p><em>Bras\u00edlia, 20h20min<\/em><\/p>\n","protected":false},"excerpt":{"rendered":"<p>O ministro da Economia, Paulo Guedes, convocou entrevista coletiva para anunciar medidas emergenciais para enfrentar o novo coronav\u00edrus, mas esqueceu de dizer que boa parte das propostas que somam R$ 147,3 bilh\u00f5es depende do Congresso, o qual foi alvo de ataque do presidente Jair Bolsonaro nas manifesta\u00e7\u00f5es do fim de semana. &nbsp; No caso, por [&hellip;]<\/p>\n","protected":false},"author":22,"featured_media":10371,"comment_status":"open","ping_status":"closed","sticky":false,"template":"","format":"standard","meta":{"footnotes":""},"categories":[600],"tags":[2554,254,4419,507,1634,3613],"class_list":["post-13348","post","type-post","status-publish","format-standard","has-post-thumbnail","hentry","category-economia","tag-bolsonaro","tag-congresso","tag-coronavirus","tag-fgts","tag-medidas","tag-paulo-guedes"],"_links":{"self":[{"href":"https:\/\/blogs.correiobraziliense.com.br\/vicente\/wp-json\/wp\/v2\/posts\/13348","targetHints":{"allow":["GET"]}}],"collection":[{"href":"https:\/\/blogs.correiobraziliense.com.br\/vicente\/wp-json\/wp\/v2\/posts"}],"about":[{"href":"https:\/\/blogs.correiobraziliense.com.br\/vicente\/wp-json\/wp\/v2\/types\/post"}],"author":[{"embeddable":true,"href":"https:\/\/blogs.correiobraziliense.com.br\/vicente\/wp-json\/wp\/v2\/users\/22"}],"replies":[{"embeddable":true,"href":"https:\/\/blogs.correiobraziliense.com.br\/vicente\/wp-json\/wp\/v2\/comments?post=13348"}],"version-history":[{"count":1,"href":"https:\/\/blogs.correiobraziliense.com.br\/vicente\/wp-json\/wp\/v2\/posts\/13348\/revisions"}],"predecessor-version":[{"id":13349,"href":"https:\/\/blogs.correiobraziliense.com.br\/vicente\/wp-json\/wp\/v2\/posts\/13348\/revisions\/13349"}],"wp:featuredmedia":[{"embeddable":true,"href":"https:\/\/blogs.correiobraziliense.com.br\/vicente\/wp-json\/wp\/v2\/media\/10371"}],"wp:attachment":[{"href":"https:\/\/blogs.correiobraziliense.com.br\/vicente\/wp-json\/wp\/v2\/media?parent=13348"}],"wp:term":[{"taxonomy":"category","embeddable":true,"href":"https:\/\/blogs.correiobraziliense.com.br\/vicente\/wp-json\/wp\/v2\/categories?post=13348"},{"taxonomy":"post_tag","embeddable":true,"href":"https:\/\/blogs.correiobraziliense.com.br\/vicente\/wp-json\/wp\/v2\/tags?post=13348"}],"curies":[{"name":"wp","href":"https:\/\/api.w.org\/{rel}","templated":true}]}}