{"id":13345,"date":"2020-03-16T17:25:18","date_gmt":"2020-03-16T20:25:18","guid":{"rendered":"https:\/\/blogs.correiobraziliense.com.br\/vicente\/?p=13345"},"modified":"2020-03-16T17:25:18","modified_gmt":"2020-03-16T20:25:18","slug":"mercado-aposta-em-corte-na-selic-de-ate-10-ponto-percentual","status":"publish","type":"post","link":"https:\/\/blogs.correiobraziliense.com.br\/vicente\/mercado-aposta-em-corte-na-selic-de-ate-10-ponto-percentual\/","title":{"rendered":"Mercado aposta em corte na Selic de at\u00e9 1,0 ponto percentual"},"content":{"rendered":"<h2><span style=\"font-weight: 400\">ROSANA HESSEL<\/span><\/h2>\n<h2><\/h2>\n<h2><span style=\"font-weight: 400\">Diante da piora das perspectivas da atividade econ\u00f4mica global\u00a0 em virtude da Covid-19, pandemia provocada pelo novo coronav\u00edrus, a expectativa do mercado agora \u00e9 que o Comit\u00ea de Pol\u00edtica Monet\u00e1ria (Copom), do Banco Central, dever\u00e1 reduza os juros em at\u00e9 1,0 ponto percentual. Al\u00e9m disso, as previs\u00f5es para a taxa b\u00e1sica de juros (Selic) chegam a 2,5% ao ano.\u00a0<\/span><\/h2>\n<h2><\/h2>\n<p><span style=\"font-weight: 400\">Ap\u00f3s o Federal Reserve (Fed, o banco central dos Estados Unidos) anunciar uma nova redu\u00e7\u00e3o pela segunda semana consecutiva para um intervalo entre zero e 0,25%, e os bancos centrais iniciarem uma nova rodada de cortes, as estimativas de corte para a segunda reuni\u00e3o do Copom, nesta semana, variam entre 0,50 ponto percentual e 1,0 ponto percentual. Atualmente, a Selic est\u00e1 em 4,25% ao ano, o menor patamar da hist\u00f3ria.\u00a0<\/span><\/p>\n<p>&nbsp;<\/p>\n<p>&#8220;As medidas do Fed, certas ou erradas, refor\u00e7am a expectativa de recess\u00e3o global&#8221;, frisou o economista-chefe do banco Fator, Jos\u00e9 Francisco de Lima Gon\u00e7alves. Ele aposta em corte de 0,50 ponto percentual na Selic esta semana.<\/p>\n<p>&nbsp;<\/p>\n<p><span style=\"font-weight: 400\">O economista-chefe da MB Associados, Sergio Vale, e a economista-chefe da ARX Investimentos, Solange Srour, preveem corte de 0,75 a 1,0 ponto percentual na Selic. \u201cO Brasil\u00a0 n\u00e3o escapar\u00e1 de sofrer as consequ\u00eancias dessa crise. A possibilidade de recess\u00e3o depender\u00e1 do impacto do v\u00edrus no segundo trimestre\u201d, afirmou Vale, que passou a prever crescimento de 1% no Produto Interno Bruto (PIB) neste ano.<\/span><\/p>\n<p>&nbsp;<\/p>\n<p>Solange defendeu um corte r\u00e1pido dos juros, mas reconheceu que o impacto dever\u00e1 ser muito pequeno na atividade. Ela ainda lamentou o fato de o governo n\u00e3o estar conseguindo se articular com o Congresso para que avance nas reformas necess\u00e1rias para a retomada da economia.<\/p>\n<p>&nbsp;<\/p>\n<p>O economista Jos\u00e9 Luis Oreiro, professor da Universidade de Bras\u00edlia, aposta em um corte de 1,0 ponto percentual na Selic, que poder\u00e1 chegar a 3% no fim do ano.<\/p>\n<p>&nbsp;<\/p>\n<p><span style=\"font-weight: 400\">De acordo com o ex-diretor do BC e economista-chefe da Confedera\u00e7\u00e3o Nacional do Com\u00e9rcio, Carlos Thadeu de Freitas Gomes, o corte da Selic ser\u00e1 no m\u00e1ximo, 1,0 ponto percentual nesta semana, mas a tend\u00eancia \u00e9 que os juros continuem em queda at\u00e9 chegar a 2,5% no fim do ano. Segundo ele, as medidas anunciadas pelo BC nesta segunda-feira (16\/03),\u00a0 s\u00e3o positivas para facilitar os financiamentos das empresas. <\/span><\/p>\n<p>&nbsp;<\/p>\n<p><span style=\"font-weight: 400\">\u201cO problema no mercado n\u00e3o \u00e9 falta de liquidez. Os bancos precisam emprestar mais dinheiro e isso s\u00f3 vai acontecer se o BC reduzir a Selic para 2,5% at\u00e9 o fim do ano\u201d, avaliou. Considerando as chances de a infla\u00e7\u00e3o encerrar o ano em 3%, pelas contas do ex-diretor do BC, o pa\u00eds passaria a ter juros reais negativos. \u201cVamos ter juros negativos. \u00c9 bom que isso aconte\u00e7a. Isso obrigaria os bancos a emprestarem mais em vez de aplicar em t\u00edtulos da d\u00edvida p\u00fablica e, de quebra, o custo desse endividamento tamb\u00e9m cairia, abrindo espa\u00e7o fiscal para o governo\u201d, explicou. <\/span><\/p>\n<p>&nbsp;<\/p>\n<p><span style=\"font-weight: 400\">Na avalia\u00e7\u00e3o do economista da CNC, como as reservas internacionais s\u00e3o elevadas, o BC poderia utiliz\u00e1-las para conter qualquer outra press\u00e3o no c\u00e2mbio por conta da queda na Selic. \u201cO novo patamar do d\u00f3lar vai ser R$ 5 e dever\u00e1 se manter por um bom tempo\u201d, disse Freitas Gomes.\u00a0\u00a0<\/span><\/p>\n<p>&nbsp;<\/p>\n<p>A divisa norte-americana encerrou o dia de hoje acima de R$ 5 pela primeira vez na hist\u00f3ria.<\/p>\n<p><span style=\"font-weight: 400\">.<\/span><\/p>\n","protected":false},"excerpt":{"rendered":"<p>ROSANA HESSEL Diante da piora das perspectivas da atividade econ\u00f4mica global\u00a0 em virtude da Covid-19, pandemia provocada pelo novo coronav\u00edrus, a expectativa do mercado agora \u00e9 que o Comit\u00ea de Pol\u00edtica Monet\u00e1ria (Copom), do Banco Central, dever\u00e1 reduza os juros em at\u00e9 1,0 ponto percentual. Al\u00e9m disso, as previs\u00f5es para a taxa b\u00e1sica de juros [&hellip;]<\/p>\n","protected":false},"author":22,"featured_media":0,"comment_status":"open","ping_status":"closed","sticky":false,"template":"","format":"standard","meta":{"footnotes":""},"categories":[600],"tags":[99,4419,4,34],"class_list":["post-13345","post","type-post","status-publish","format-standard","hentry","category-economia","tag-copom","tag-coronavirus","tag-juros","tag-selic"],"_links":{"self":[{"href":"https:\/\/blogs.correiobraziliense.com.br\/vicente\/wp-json\/wp\/v2\/posts\/13345","targetHints":{"allow":["GET"]}}],"collection":[{"href":"https:\/\/blogs.correiobraziliense.com.br\/vicente\/wp-json\/wp\/v2\/posts"}],"about":[{"href":"https:\/\/blogs.correiobraziliense.com.br\/vicente\/wp-json\/wp\/v2\/types\/post"}],"author":[{"embeddable":true,"href":"https:\/\/blogs.correiobraziliense.com.br\/vicente\/wp-json\/wp\/v2\/users\/22"}],"replies":[{"embeddable":true,"href":"https:\/\/blogs.correiobraziliense.com.br\/vicente\/wp-json\/wp\/v2\/comments?post=13345"}],"version-history":[{"count":1,"href":"https:\/\/blogs.correiobraziliense.com.br\/vicente\/wp-json\/wp\/v2\/posts\/13345\/revisions"}],"predecessor-version":[{"id":13347,"href":"https:\/\/blogs.correiobraziliense.com.br\/vicente\/wp-json\/wp\/v2\/posts\/13345\/revisions\/13347"}],"wp:attachment":[{"href":"https:\/\/blogs.correiobraziliense.com.br\/vicente\/wp-json\/wp\/v2\/media?parent=13345"}],"wp:term":[{"taxonomy":"category","embeddable":true,"href":"https:\/\/blogs.correiobraziliense.com.br\/vicente\/wp-json\/wp\/v2\/categories?post=13345"},{"taxonomy":"post_tag","embeddable":true,"href":"https:\/\/blogs.correiobraziliense.com.br\/vicente\/wp-json\/wp\/v2\/tags?post=13345"}],"curies":[{"name":"wp","href":"https:\/\/api.w.org\/{rel}","templated":true}]}}