{"id":13340,"date":"2020-03-16T17:01:38","date_gmt":"2020-03-16T20:01:38","guid":{"rendered":"https:\/\/blogs.correiobraziliense.com.br\/vicente\/?p=13340"},"modified":"2020-03-16T17:23:06","modified_gmt":"2020-03-16T20:23:06","slug":"governo-deve-suspender-recolhimento-do-fgts-e-do-inss-e-parcelar-impostos","status":"publish","type":"post","link":"https:\/\/blogs.correiobraziliense.com.br\/vicente\/governo-deve-suspender-recolhimento-do-fgts-e-do-inss-e-parcelar-impostos\/","title":{"rendered":"Governo deve suspender recolhimento do FGTS e do INSS e parcelar impostos"},"content":{"rendered":"<h2>O governo deve anunciar ainda nesta segunda-feira (16\/03) um pacote para aliviar o caixa das empresas e evitar o risco de quebradeira e de desemprego em meio \u00e0 crise provocada pelo novo coronav\u00edrus.<\/h2>\n<p>&nbsp;<\/p>\n<p>Segundo um integrante da equipe econ\u00f4mica, haver\u00e1 desonera\u00e7\u00e3o da folha de sal\u00e1rios, com suspens\u00e3o do recolhimento do Fundo de Garantia do Tempo de Servi\u00e7o (FGTS) e das contribui\u00e7\u00f5es ao Instituto Nacional do Seguro Social (INSS) por pelo menos tr\u00eas meses.<\/p>\n<p>&nbsp;<\/p>\n<p>Tamb\u00e9m haver\u00e1 benef\u00edcios para as empresas que recolhem impostos pelo Simples e outros tributos federais. O governo quer proteger, sobretudo, as micro e pequenas empresas, que s\u00e3o as maiores empregadoras do pa\u00eds.<\/p>\n<p>&nbsp;<\/p>\n<p><strong>Parcelamento<\/strong><\/p>\n<p>&nbsp;<\/p>\n<p>A meta \u00e9 permitir que os tributos e recolhimentos adiados segam pagos de forma parcelada quando a economia retomar o f\u00f4lego. O governo admite que, com os estragos feitos na atividade econ\u00f4mica pela Covid-19, o momento \u00e9 de socorrer o setor produtivo.<\/p>\n<p>&nbsp;<\/p>\n<p>O presidente Jair Bolsonaro, que esteve nesta segunda no minist\u00e9rio da Economia, j\u00e1 deu o aval \u00e0 maior parte do pacote. Mas ainda n\u00e3o foi fechada a conta de quanto o governo est\u00e1 disposto a abrir m\u00e3o em receitas.<\/p>\n<p>&nbsp;<\/p>\n<p>O apelo dos empresariado \u00e9 de que o governo seja muito r\u00e1pido e se inspire no que foi anunciado pelos Estados Unidos e pela Fran\u00e7a. Nos dois casos, o Estado assumir\u00e1 todo o preju\u00edzo acumulado pela empresas por causa da paralisia da economia.<\/p>\n<p>&nbsp;<\/p>\n<p><em>Bras\u00edlia, 17h01min<\/em><\/p>\n","protected":false},"excerpt":{"rendered":"<p>O governo deve anunciar ainda nesta segunda-feira (16\/03) um pacote para aliviar o caixa das empresas e evitar o risco de quebradeira e de desemprego em meio \u00e0 crise provocada pelo novo coronav\u00edrus. &nbsp; Segundo um integrante da equipe econ\u00f4mica, haver\u00e1 desonera\u00e7\u00e3o da folha de sal\u00e1rios, com suspens\u00e3o do recolhimento do Fundo de Garantia do [&hellip;]<\/p>\n","protected":false},"author":22,"featured_media":12303,"comment_status":"open","ping_status":"closed","sticky":false,"template":"","format":"standard","meta":{"footnotes":""},"categories":[600],"tags":[],"class_list":["post-13340","post","type-post","status-publish","format-standard","has-post-thumbnail","hentry","category-economia"],"_links":{"self":[{"href":"https:\/\/blogs.correiobraziliense.com.br\/vicente\/wp-json\/wp\/v2\/posts\/13340","targetHints":{"allow":["GET"]}}],"collection":[{"href":"https:\/\/blogs.correiobraziliense.com.br\/vicente\/wp-json\/wp\/v2\/posts"}],"about":[{"href":"https:\/\/blogs.correiobraziliense.com.br\/vicente\/wp-json\/wp\/v2\/types\/post"}],"author":[{"embeddable":true,"href":"https:\/\/blogs.correiobraziliense.com.br\/vicente\/wp-json\/wp\/v2\/users\/22"}],"replies":[{"embeddable":true,"href":"https:\/\/blogs.correiobraziliense.com.br\/vicente\/wp-json\/wp\/v2\/comments?post=13340"}],"version-history":[{"count":1,"href":"https:\/\/blogs.correiobraziliense.com.br\/vicente\/wp-json\/wp\/v2\/posts\/13340\/revisions"}],"predecessor-version":[{"id":13346,"href":"https:\/\/blogs.correiobraziliense.com.br\/vicente\/wp-json\/wp\/v2\/posts\/13340\/revisions\/13346"}],"wp:featuredmedia":[{"embeddable":true,"href":"https:\/\/blogs.correiobraziliense.com.br\/vicente\/wp-json\/wp\/v2\/media\/12303"}],"wp:attachment":[{"href":"https:\/\/blogs.correiobraziliense.com.br\/vicente\/wp-json\/wp\/v2\/media?parent=13340"}],"wp:term":[{"taxonomy":"category","embeddable":true,"href":"https:\/\/blogs.correiobraziliense.com.br\/vicente\/wp-json\/wp\/v2\/categories?post=13340"},{"taxonomy":"post_tag","embeddable":true,"href":"https:\/\/blogs.correiobraziliense.com.br\/vicente\/wp-json\/wp\/v2\/tags?post=13340"}],"curies":[{"name":"wp","href":"https:\/\/api.w.org\/{rel}","templated":true}]}}