{"id":13314,"date":"2020-03-16T11:31:34","date_gmt":"2020-03-16T14:31:34","guid":{"rendered":"https:\/\/blogs.correiobraziliense.com.br\/vicente\/?p=13314"},"modified":"2020-03-16T17:08:55","modified_gmt":"2020-03-16T20:08:55","slug":"bc-facilita-renegociacao-de-dividas-de-empresas-e-familias","status":"publish","type":"post","link":"https:\/\/blogs.correiobraziliense.com.br\/vicente\/bc-facilita-renegociacao-de-dividas-de-empresas-e-familias\/","title":{"rendered":"BC facilita renegocia\u00e7\u00e3o de d\u00edvidas de empresas e fam\u00edlias"},"content":{"rendered":"<h2>ROSANA HESSEL<\/h2>\n<h2><\/h2>\n<h2>Em reuni\u00e3o extraordin\u00e1ria realizada nesta segunda-feira (16\/03), o Conselho Monet\u00e1rio Nacional (CMN) aprovou\u00a0 medidas para facilitar a renegocia\u00e7\u00e3o de d\u00edvidas de empresas e das fam\u00edlias, no valor de at\u00e9 R$ 3,2 trilh\u00f5es. Foi a forma que o Banco Central encontrou para enfrentar os estragos promovidos pelo novo coronav\u00edrus na economia, conforme <a href=\"https:\/\/blogs.correiobraziliense.com.br\/vicente\/bc-deve-cortar-juros-e-liberar-recursos-para-socorrer-bancos-e-empresas\/\">antecipado pelo <strong>Blog<\/strong><\/a>.<\/h2>\n<p>&nbsp;<\/p>\n<p>Pela primeira medida, est\u00e3o aptas \u00e0 renegocia\u00e7\u00e3o de empr\u00e9stimos as empresas e as fam\u00edlias com boa capacidade financeira e que\u00a0 mant\u00eam opera\u00e7\u00f5es de cr\u00e9dito regulares, sem atrasos nos pagamentos. A meta \u00e9 permitir &#8220;ajustes de seus fluxos de caixa, o que contribuir\u00e1 para a redu\u00e7\u00e3o dos efeitos tempor\u00e1rios decorrentes da Covid-19&#8221;, informa o comunicado do BC.<\/p>\n<p>&nbsp;<\/p>\n<p>A repactua\u00e7\u00e3o dos empr\u00e9stimos poder\u00e1 ser feita pelos pr\u00f3ximos seis meses, e, segundo a autoridade monet\u00e1ria, cerca de &#8220;R$ 3,2 trilh\u00f5es de cr\u00e9ditos&#8221; devem ser &#8220;qualific\u00e1veis&#8221;. Trata-se de uma forma de evitar que o pa\u00eds mergulhe em nova recess\u00e3o. H\u00e1 proje\u00e7\u00f5es para o Produto Interno Bruto (PIB) apontando para crescimento de apenas 0,5% neste ano.<\/p>\n<p>&nbsp;<\/p>\n<p><strong>Mais R$ 637 bilh\u00f5es em empr\u00e9stimos<\/strong><\/p>\n<p>&nbsp;<\/p>\n<p>A segunda medida expande a capacidade de utiliza\u00e7\u00e3o de capital dos bancos (diferen\u00e7a entre o capital efetivo e o capital m\u00ednimo requerido), reduzindo o colch\u00e3o do Adicional de Conserva\u00e7\u00e3o de Capital Principal (ACPConserva\u00e7\u00e3o) de 2,5% para 1,25% pelo prazo de um ano.<\/p>\n<p>&nbsp;<\/p>\n<p>Isso ampliar\u00e1 a folga de capital do Sistema Financeiro Nacional (SFN) em R$ 56 bilh\u00f5es. Ou seja, os bancos ter\u00e3o maior capacidade para a concess\u00e3o de at\u00e9 R$ 637 bilh\u00f5es em novos empr\u00e9stimos. Ap\u00f3s este per\u00edodo, o ACPConserva\u00e7\u00e3o ser\u00e1 gradualmente restabelecido at\u00e9 31 de mar\u00e7o de 2022 ao patamar de 2,5%.<\/p>\n<p>&nbsp;<\/p>\n<p>Essas a\u00e7\u00f5es s\u00e3o somadas \u00e0s redu\u00e7\u00e3o da al\u00edquota do recolhimento compuls\u00f3rio sobre recursos a prazo e, segundo o BC, aperfei\u00e7oam as regras do Indicador de Liquidez de Curto Prazo (LCR) visando a redu\u00e7\u00e3o da sobreposi\u00e7\u00e3o entre esses instrumentos. &#8220;O efeito pr\u00e1tico e conjunto dessas medidas \u00e9 uma melhora das condi\u00e7\u00f5es de liquidez do SFN em torno de R$ 135 bilh\u00f5es, o que ir\u00e1 contribuir, nesse momento, para suavizar os efeitos do COVID-19 sobre a economia brasileira&#8221;, afirma o BC em nota.<\/p>\n<p>&nbsp;<\/p>\n<p>O novo pacote \u00e9 anunciado \u00e0s v\u00e9speras da reuni\u00e3o do Comit\u00ea de Pol\u00edtica Monet\u00e1ria (Copom), que ocorre entre amanh\u00e3 (17) e quarta-feira (18). A d\u00favida do mercado \u00e9 sobre qual ser\u00e1 o tamanho do corte na taxa b\u00e1sica de juros (Selic), que est\u00e1 em 4,25% ao ano, depois de o Federal Reserve (Fed, o banco central dos Estados Unidos, ter levado os juros para o intervalo de zero e 0,25% ao ano. &#8220;Depois do que o Fed fez, acho que o Banco Central tem que reduzir a Selic para 3%&#8221;, defendeu o economista Jos\u00e9 Luis Oreiro, professor da Universidade de Bras\u00edlia (UnB).<\/p>\n","protected":false},"excerpt":{"rendered":"<p>ROSANA HESSEL Em reuni\u00e3o extraordin\u00e1ria realizada nesta segunda-feira (16\/03), o Conselho Monet\u00e1rio Nacional (CMN) aprovou\u00a0 medidas para facilitar a renegocia\u00e7\u00e3o de d\u00edvidas de empresas e das fam\u00edlias, no valor de at\u00e9 R$ 3,2 trilh\u00f5es. Foi a forma que o Banco Central encontrou para enfrentar os estragos promovidos pelo novo coronav\u00edrus na economia, conforme antecipado pelo [&hellip;]<\/p>\n","protected":false},"author":22,"featured_media":12891,"comment_status":"open","ping_status":"closed","sticky":false,"template":"","format":"standard","meta":{"footnotes":""},"categories":[600],"tags":[3,822,321,1109,2225,2342,304],"class_list":["post-13314","post","type-post","status-publish","format-standard","has-post-thumbnail","hentry","category-economia","tag-banco-central","tag-bancos","tag-dividas","tag-empresas","tag-emprestimos","tag-familias","tag-renegociacao"],"_links":{"self":[{"href":"https:\/\/blogs.correiobraziliense.com.br\/vicente\/wp-json\/wp\/v2\/posts\/13314","targetHints":{"allow":["GET"]}}],"collection":[{"href":"https:\/\/blogs.correiobraziliense.com.br\/vicente\/wp-json\/wp\/v2\/posts"}],"about":[{"href":"https:\/\/blogs.correiobraziliense.com.br\/vicente\/wp-json\/wp\/v2\/types\/post"}],"author":[{"embeddable":true,"href":"https:\/\/blogs.correiobraziliense.com.br\/vicente\/wp-json\/wp\/v2\/users\/22"}],"replies":[{"embeddable":true,"href":"https:\/\/blogs.correiobraziliense.com.br\/vicente\/wp-json\/wp\/v2\/comments?post=13314"}],"version-history":[{"count":5,"href":"https:\/\/blogs.correiobraziliense.com.br\/vicente\/wp-json\/wp\/v2\/posts\/13314\/revisions"}],"predecessor-version":[{"id":13341,"href":"https:\/\/blogs.correiobraziliense.com.br\/vicente\/wp-json\/wp\/v2\/posts\/13314\/revisions\/13341"}],"wp:featuredmedia":[{"embeddable":true,"href":"https:\/\/blogs.correiobraziliense.com.br\/vicente\/wp-json\/wp\/v2\/media\/12891"}],"wp:attachment":[{"href":"https:\/\/blogs.correiobraziliense.com.br\/vicente\/wp-json\/wp\/v2\/media?parent=13314"}],"wp:term":[{"taxonomy":"category","embeddable":true,"href":"https:\/\/blogs.correiobraziliense.com.br\/vicente\/wp-json\/wp\/v2\/categories?post=13314"},{"taxonomy":"post_tag","embeddable":true,"href":"https:\/\/blogs.correiobraziliense.com.br\/vicente\/wp-json\/wp\/v2\/tags?post=13314"}],"curies":[{"name":"wp","href":"https:\/\/api.w.org\/{rel}","templated":true}]}}