{"id":13303,"date":"2020-03-15T19:19:50","date_gmt":"2020-03-15T22:19:50","guid":{"rendered":"https:\/\/blogs.correiobraziliense.com.br\/vicente\/?p=13303"},"modified":"2020-03-15T19:52:34","modified_gmt":"2020-03-15T22:52:34","slug":"bc-deve-cortar-juros-e-liberar-recursos-para-socorrer-bancos-e-empresas","status":"publish","type":"post","link":"https:\/\/blogs.correiobraziliense.com.br\/vicente\/bc-deve-cortar-juros-e-liberar-recursos-para-socorrer-bancos-e-empresas\/","title":{"rendered":"BC deve cortar juros e liberar recursos para socorrer bancos e empresas"},"content":{"rendered":"<h2>O Banco Central brasileiro deve acelerar um pacote de medidas para tentar minimizar os estragos do novo coronav\u00edrus na economia. \u00c9 poss\u00edvel que, ainda nesta segunda-feira, a institui\u00e7\u00e3o libere recursos para aumentar a liquidez do mercado e evitar a quebradeira de bancos e empresas.<\/h2>\n<p>&nbsp;<\/p>\n<p>Tamb\u00e9m \u00e9 esperado que o BC promova novo corte na taxa b\u00e1sica de juros (Selic), de 4,25% ao ano, seguindo o movimento dos principais bancos centrais do mundo. Neste domingo, o Federal Reserve (Fed), o BC dos Estados Unidos, derrubou os <a href=\"https:\/\/blogs.correiobraziliense.com.br\/vicente\/banco-central-dos-eua-zera-juros-para-enfrentar-coronavirus-e-evitar-recessao\/\">juros em 150 pontos, para zero e 0,25% ao ano<\/a>.<\/p>\n<p>&nbsp;<\/p>\n<p>H\u00e1, no entanto, uma forte divis\u00e3o do mercado em rela\u00e7\u00e3o aos rumos da Selic. Parte dos analista acredita que o BC deve reduzir os juros b\u00e1sicos entre 0,25 e 0,50 ponto percentual para se antecipar a uma poss\u00edvel recess\u00e3o. A economia brasileira est\u00e1 encolhendo a olhos visto, mesmo com o impacto ainda restrito do coronav\u00edrus no pa\u00eds. J\u00e1 se fala em crescimento em 2020 de apenas 0,5%.<\/p>\n<p>&nbsp;<\/p>\n<p>Outra ala de analistas, por\u00e9m, diz que o melhor a ser feito pelo Banco Central, neste momento, \u00e9 manter a Selic nos atuais 4,25% ao ano para conter a excessiva valoriza\u00e7\u00e3o do d\u00f3lar. A moeda norte-americana chegou a ser cotada acima dos R$ 5, mas acabou se situando pr\u00f3xima dos R$ 4,80, depois de seguidas interven\u00e7\u00f5es do BC no c\u00e2mbio.<\/p>\n<p>&nbsp;<\/p>\n<p>Para esse grupo, \u00e9 o pequeno diferencial entre os juros praticados no Brasil e nos Estados Unidos um dos principais motivos para a forte valoriza\u00e7\u00e3o da moeda norte-americana. Agora, com os juros praticamente zerados nos EUA, com a Selic a 4,25%, o Brasil poderia voltar a atrair recursos externos e controlar o d\u00f3lar.<\/p>\n<p>&nbsp;<\/p>\n<p><strong>Desconfian\u00e7a<\/strong><\/p>\n<p>&nbsp;<\/p>\n<p>O certo \u00e9 que BC comandado por Roberto Campos Neto est\u00e1 numa situa\u00e7\u00e3o delicad\u00edssima. H\u00e1 uma enorme crise de confian\u00e7a tomando conta do pa\u00eds, diante da incapacidade do governo de agir perante \u00e0 crise provocada pelo coronav\u00edrus. Foi somente na quinta-feira passada (12\/03) que a equipe econ\u00f4mica se mexeu para anunciar a\u00e7\u00f5es que possam minimizar uma poss\u00edvel recess\u00e3o.<\/p>\n<p>&nbsp;<\/p>\n<p>O ministro da Economia, Paulo Guedes, inclusive, antecipou a possibilidade de o BC promover uma inje\u00e7\u00e3o de recursos na economia para facilitar o acesso ao cr\u00e9dito por parte de bancos e empresas. Resta saber qual o tamanho do arsenal do BC e at\u00e9 que ponto o governo realmente est\u00e1 preocupado com o impacto do novo coronav\u00edrus na economia.<\/p>\n<p>&nbsp;<\/p>\n<p>No que depender do presidente Jair Bolsonaro, o desastre estar\u00e1 sacramentado. Na vis\u00e3o dele, o coronav\u00edrus \u00e9 uma &#8220;fantasia&#8221;. Mesmo estando em quarentena, por ter tido contato com pessoas diagnosticadas com a Covid-19, ele foi \u00e0s ruas neste domingo (15\/03) para insuflar manifesta\u00e7\u00f5es contra o Congresso e o Judici\u00e1rio.<\/p>\n<p>&nbsp;<\/p>\n<p>Para analistas, ao radicalizar em sua posi\u00e7\u00e3o, Bolsonaro pode ter minado as chances de o Congresso avan\u00e7ar nas esperadas reformas pedidas pelo ministro da Economia. Sem possibilidade de as reformas andarem, a economia brasileira caminhar\u00e1 mais rapidamente para o buraco. E n\u00e3o haver\u00e1 Banco Central capaz de conter o desastre.<\/p>\n<p>&nbsp;<\/p>\n<p><em>Bras\u00edlia, 19h19min<\/em><\/p>\n","protected":false},"excerpt":{"rendered":"<p>O Banco Central brasileiro deve acelerar um pacote de medidas para tentar minimizar os estragos do novo coronav\u00edrus na economia. \u00c9 poss\u00edvel que, ainda nesta segunda-feira, a institui\u00e7\u00e3o libere recursos para aumentar a liquidez do mercado e evitar a quebradeira de bancos e empresas. &nbsp; Tamb\u00e9m \u00e9 esperado que o BC promova novo corte na [&hellip;]<\/p>\n","protected":false},"author":22,"featured_media":12303,"comment_status":"open","ping_status":"closed","sticky":false,"template":"","format":"standard","meta":{"footnotes":""},"categories":[600],"tags":[822,106,4419,1158,1109,4,4492,97,31,226],"class_list":["post-13303","post","type-post","status-publish","format-standard","has-post-thumbnail","hentry","category-economia","tag-bancos","tag-bc","tag-coronavirus","tag-corte","tag-empresas","tag-juros","tag-liquidez","tag-pacote","tag-recessao","tag-socorro"],"_links":{"self":[{"href":"https:\/\/blogs.correiobraziliense.com.br\/vicente\/wp-json\/wp\/v2\/posts\/13303","targetHints":{"allow":["GET"]}}],"collection":[{"href":"https:\/\/blogs.correiobraziliense.com.br\/vicente\/wp-json\/wp\/v2\/posts"}],"about":[{"href":"https:\/\/blogs.correiobraziliense.com.br\/vicente\/wp-json\/wp\/v2\/types\/post"}],"author":[{"embeddable":true,"href":"https:\/\/blogs.correiobraziliense.com.br\/vicente\/wp-json\/wp\/v2\/users\/22"}],"replies":[{"embeddable":true,"href":"https:\/\/blogs.correiobraziliense.com.br\/vicente\/wp-json\/wp\/v2\/comments?post=13303"}],"version-history":[{"count":1,"href":"https:\/\/blogs.correiobraziliense.com.br\/vicente\/wp-json\/wp\/v2\/posts\/13303\/revisions"}],"predecessor-version":[{"id":13304,"href":"https:\/\/blogs.correiobraziliense.com.br\/vicente\/wp-json\/wp\/v2\/posts\/13303\/revisions\/13304"}],"wp:featuredmedia":[{"embeddable":true,"href":"https:\/\/blogs.correiobraziliense.com.br\/vicente\/wp-json\/wp\/v2\/media\/12303"}],"wp:attachment":[{"href":"https:\/\/blogs.correiobraziliense.com.br\/vicente\/wp-json\/wp\/v2\/media?parent=13303"}],"wp:term":[{"taxonomy":"category","embeddable":true,"href":"https:\/\/blogs.correiobraziliense.com.br\/vicente\/wp-json\/wp\/v2\/categories?post=13303"},{"taxonomy":"post_tag","embeddable":true,"href":"https:\/\/blogs.correiobraziliense.com.br\/vicente\/wp-json\/wp\/v2\/tags?post=13303"}],"curies":[{"name":"wp","href":"https:\/\/api.w.org\/{rel}","templated":true}]}}