{"id":13301,"date":"2020-03-15T18:35:12","date_gmt":"2020-03-15T21:35:12","guid":{"rendered":"https:\/\/blogs.correiobraziliense.com.br\/vicente\/?p=13301"},"modified":"2020-03-15T20:58:22","modified_gmt":"2020-03-15T23:58:22","slug":"banco-central-dos-eua-zera-juros-para-enfrentar-coronavirus-e-evitar-recessao","status":"publish","type":"post","link":"https:\/\/blogs.correiobraziliense.com.br\/vicente\/banco-central-dos-eua-zera-juros-para-enfrentar-coronavirus-e-evitar-recessao\/","title":{"rendered":"Banco Central dos EUA zera juros para enfrentar coronav\u00edrus e evitar recess\u00e3o"},"content":{"rendered":"<h2>O Federal Reserve (Fed), o Banco Central dos Estados Unidos, praticamente zerou a taxa b\u00e1sica de juros ao promover, em reuni\u00e3o extraordin\u00e1ria neste domingo (15\/03), corte de 150 pontos no indicador. A partir de segunda (16\/03), os juros nos EUA v\u00e3o oscilar entre zero e 0,25% ao ano.<\/h2>\n<p>&nbsp;<\/p>\n<p>H\u00e1 uma semana, o <strong>Blog<\/strong> havia alertado para a possibilidade de <a href=\"https:\/\/blogs.correiobraziliense.com.br\/vicente\/bc-dos-eua-pode-zerar-juros-por-temor-de-recessao\/\">uma a\u00e7\u00e3o radical do Fed<\/a>, que tamb\u00e9m anunciou a libera\u00e7\u00e3o de US$ 700 bilh\u00f5es para socorrer bancos e empresas em dificuldades. O maior temor do BC norte-americano \u00e9 que a maior economia do mundo mergulhe na recess\u00e3o por causa dos efeitos do novo coronav\u00edrus.<\/p>\n<p>&nbsp;<\/p>\n<p>O Fed j\u00e1 vinha alertando para os riscos de a Covid-19 arrasar a economia mundial. Tanto que, h\u00e1 duas semanas, cortou, tamb\u00e9m de forma inesperada, os juros b\u00e1sicos em 0,5 ponto. Mesmo assim, o n\u00edvel de atividade continuou perdendo for\u00e7a e as bolsas de valores derreteram.<\/p>\n<p>&nbsp;<\/p>\n<p>N\u00e3o por acaso, o banco Goldman Sachs revisou suas proje\u00e7\u00f5es para a economia norte-americana neste ano. Agora, est\u00e1 prevendo varia\u00e7\u00e3o zero para o Produto Interno Bruto (PIB) no primeiro trimestre e queda de 0,5% no segundo. Para o ano fechado, a estimativa \u00e9 de avan\u00e7o de apenas 0,4% ante crescimento de 1,2%.<\/p>\n<p>&nbsp;<\/p>\n<p><strong>A\u00e7\u00e3o coordenada<\/strong><\/p>\n<p>&nbsp;<\/p>\n<p>A reuni\u00e3o oficial do Fed estava marcada para esta quarta-feira 18\/03), quando se esperava um forte corte nos juros, mas o avan\u00e7o do coronav\u00edrus nos Estados Unidos e nos principais pa\u00edses da Europa exigiu um movimento extraordin\u00e1rio. O Fed prev\u00ea uma crise t\u00e3o brutal ou at\u00e9 maior do que a de 2008, quando o estouro da bolha imobili\u00e1ria nos EUA deixou um rastro de preju\u00edzos mundo afora.<\/p>\n<p>&nbsp;<\/p>\n<p>No comunicado ao mercado, o Federal Reserve ressaltou que o corte extraordin\u00e1rio de 150 pontos nos juros b\u00e1sicos dos Estados Unidos tem por objetivo &#8220;dar suporte \u00e0 atividade econ\u00f4mica, garantir fortes condi\u00e7\u00f5es no mercado de trabalho e permitir que a infla\u00e7\u00e3o se situe pr\u00f3ximo da meta, de 2% ao ano&#8221;.<\/p>\n<p>&nbsp;<\/p>\n<p>O movimento do Fed faz parte de uma a\u00e7\u00e3o coordenada dos principais bancos centrais do mundo, que tentam evitar o colapso econ\u00f4mico provocado pelo coronav\u00edrus. Al\u00e9m do BC dos EUA, est\u00e3o na lista o Banco Central Europeu e os BCs do Reino Unido, da Su\u00ed\u00e7a, do Jap\u00e3o e do Canad\u00e1. O BC da Nova Zel\u00e2ndia tamb\u00e9m cortou juros neste domingo, de 1% para 0,25% ao ano.<\/p>\n<p>&nbsp;<\/p>\n<p>Espera-se que o Banco Central do Brasil se engaje nesse movimento. A reuni\u00e3o do Comit\u00ea de Pol\u00edtica Monet\u00e1ria (Copom) est\u00e1 marcada para ter\u00e7a e quarta-feiras 17 e 18\/03). A taxa b\u00e1sica de juros est\u00e1 em 4,25% ao ano, mas h\u00e1 uma divis\u00e3o no mercado. Parte defende redu\u00e7\u00e3o na Selic. Outra, pede manuten\u00e7\u00e3o para conter a valoriza\u00e7\u00e3o do d\u00f3lar.<\/p>\n<p>&nbsp;<\/p>\n<p><em>Bras\u00edlia, 18h35min<\/em><\/p>\n","protected":false},"excerpt":{"rendered":"<p>O Federal Reserve (Fed), o Banco Central dos Estados Unidos, praticamente zerou a taxa b\u00e1sica de juros ao promover, em reuni\u00e3o extraordin\u00e1ria neste domingo (15\/03), corte de 150 pontos no indicador. A partir de segunda (16\/03), os juros nos EUA v\u00e3o oscilar entre zero e 0,25% ao ano. &nbsp; H\u00e1 uma semana, o Blog havia [&hellip;]<\/p>\n","protected":false},"author":22,"featured_media":11588,"comment_status":"open","ping_status":"closed","sticky":false,"template":"","format":"standard","meta":{"footnotes":""},"categories":[600],"tags":[4491,1158,179,1103,4,31,226],"class_list":["post-13301","post","type-post","status-publish","format-standard","has-post-thumbnail","hentry","category-economia","tag-cornavirus","tag-corte","tag-crise","tag-fed","tag-juros","tag-recessao","tag-socorro"],"_links":{"self":[{"href":"https:\/\/blogs.correiobraziliense.com.br\/vicente\/wp-json\/wp\/v2\/posts\/13301","targetHints":{"allow":["GET"]}}],"collection":[{"href":"https:\/\/blogs.correiobraziliense.com.br\/vicente\/wp-json\/wp\/v2\/posts"}],"about":[{"href":"https:\/\/blogs.correiobraziliense.com.br\/vicente\/wp-json\/wp\/v2\/types\/post"}],"author":[{"embeddable":true,"href":"https:\/\/blogs.correiobraziliense.com.br\/vicente\/wp-json\/wp\/v2\/users\/22"}],"replies":[{"embeddable":true,"href":"https:\/\/blogs.correiobraziliense.com.br\/vicente\/wp-json\/wp\/v2\/comments?post=13301"}],"version-history":[{"count":3,"href":"https:\/\/blogs.correiobraziliense.com.br\/vicente\/wp-json\/wp\/v2\/posts\/13301\/revisions"}],"predecessor-version":[{"id":13306,"href":"https:\/\/blogs.correiobraziliense.com.br\/vicente\/wp-json\/wp\/v2\/posts\/13301\/revisions\/13306"}],"wp:featuredmedia":[{"embeddable":true,"href":"https:\/\/blogs.correiobraziliense.com.br\/vicente\/wp-json\/wp\/v2\/media\/11588"}],"wp:attachment":[{"href":"https:\/\/blogs.correiobraziliense.com.br\/vicente\/wp-json\/wp\/v2\/media?parent=13301"}],"wp:term":[{"taxonomy":"category","embeddable":true,"href":"https:\/\/blogs.correiobraziliense.com.br\/vicente\/wp-json\/wp\/v2\/categories?post=13301"},{"taxonomy":"post_tag","embeddable":true,"href":"https:\/\/blogs.correiobraziliense.com.br\/vicente\/wp-json\/wp\/v2\/tags?post=13301"}],"curies":[{"name":"wp","href":"https:\/\/api.w.org\/{rel}","templated":true}]}}