{"id":13284,"date":"2020-03-13T12:45:05","date_gmt":"2020-03-13T15:45:05","guid":{"rendered":"https:\/\/blogs.correiobraziliense.com.br\/vicente\/?p=13284"},"modified":"2020-03-13T13:04:37","modified_gmt":"2020-03-13T16:04:37","slug":"governo-corre-para-que-brasil-nao-mergulhe-na-recessao","status":"publish","type":"post","link":"https:\/\/blogs.correiobraziliense.com.br\/vicente\/governo-corre-para-que-brasil-nao-mergulhe-na-recessao\/","title":{"rendered":"Governo corre para que Brasil n\u00e3o mergulhe na recess\u00e3o"},"content":{"rendered":"<h2>Relatos preocupantes t\u00eam chegado diariamente \u00e0 equipe econ\u00f4mica sobre os riscos de o Brasil mergulhar novamente na recess\u00e3o. Proje\u00e7\u00f5es de renomados economistas apontam que, se o governo demorar para agir, o pa\u00eds pode registrar queda no Produto Interno Bruto (PIB) no primeiro e no segundo trimestres.<\/h2>\n<p>&nbsp;<\/p>\n<p>H\u00e1 uma apreens\u00e3o grande entre os agentes econ\u00f4micos quanto \u00e0 capacidade do governo de enfrentar a pandemia do novo coronav\u00edrus. A previs\u00e3o \u00e9 de que os pr\u00f3ximos quatro meses sejam dram\u00e1ticos por conta da explos\u00e3o de casos. Teme-se o colapso do sistema de sa\u00fade e a paralisia total da economia.<\/p>\n<p>&nbsp;<\/p>\n<p>O economista-chefe do banco su\u00ed\u00e7o UBS, Tony Volpon, revisou sua proje\u00e7\u00e3o de crescimento para 2020 de 2,1% para 1,3%, mas admite que a recess\u00e3o pode estar a caminho e que o PIB pode ter queda no primeiro trimestre. O Banco Fibra, por sua vez, admite a possibilidade de retra\u00e7\u00e3o do PIB entre abril e junho.<\/p>\n<p>&nbsp;<\/p>\n<p><strong>Pessimismo<\/strong><\/p>\n<p>&nbsp;<\/p>\n<p>Tamb\u00e9m pessimista, o\u00a0Mizuho prev\u00ea avan\u00e7o do PIB de apenas 1% e a SPX Capital, fala, agora, em crescimento de apenas 0,9%. S\u00e3o n\u00fameros assustadores para um pa\u00eds que viveu, entre 2015 e 2016, uma das mais severas recess\u00f5es da hist\u00f3ria e, desde ent\u00e3o, vem crescendo ligeiramente acima de 1% ao ano.<\/p>\n<p>&nbsp;<\/p>\n<p>Ainda que veja exageros nas estimativas do mercado, o ministro da Economia, Paulo Guedes, anunciou nesta sexta-feira (13\/03), que o governo lan\u00e7ar\u00e1, nas pr\u00f3ximas 48 horas, um pacote de medidas &#8220;anticoronav\u00edrus&#8221;. Fala-se em libera\u00e7\u00e3o de recursos pelo Banco Central, de socorro dos bancos p\u00fablicos a empresas em dificuldades e de flexibilidade para saques no PIS\/Pasep e no Fundo de Garantia do Tempo de Servi\u00e7o (FGTS).<\/p>\n<p>&nbsp;<\/p>\n<p>Entre os analistas, apesar de muitos darem um voto de confian\u00e7a a Guedes, o sentimento \u00e9 de ceticismo. O ministro perdeu muito da confian\u00e7a que detinha junto aos agentes econ\u00f4micos. Para os especialistas, o governo precisa lan\u00e7ar m\u00e3o de medidas realmente fact\u00edveis e com resultados r\u00e1pidos. Para eles, ainda d\u00e1 tempo de evitar o pior.<\/p>\n<p>&nbsp;<\/p>\n<p><em>Bras\u00edlia, 12h45min<\/em><\/p>\n","protected":false},"excerpt":{"rendered":"<p>Relatos preocupantes t\u00eam chegado diariamente \u00e0 equipe econ\u00f4mica sobre os riscos de o Brasil mergulhar novamente na recess\u00e3o. Proje\u00e7\u00f5es de renomados economistas apontam que, se o governo demorar para agir, o pa\u00eds pode registrar queda no Produto Interno Bruto (PIB) no primeiro e no segundo trimestres. &nbsp; H\u00e1 uma apreens\u00e3o grande entre os agentes econ\u00f4micos [&hellip;]<\/p>\n","protected":false},"author":22,"featured_media":12303,"comment_status":"open","ping_status":"closed","sticky":false,"template":"","format":"standard","meta":{"footnotes":""},"categories":[600],"tags":[378,4485,589,31],"class_list":["post-13284","post","type-post","status-publish","format-standard","has-post-thumbnail","hentry","category-economia","tag-brasil","tag-coronavirus2020","tag-economia","tag-recessao"],"_links":{"self":[{"href":"https:\/\/blogs.correiobraziliense.com.br\/vicente\/wp-json\/wp\/v2\/posts\/13284","targetHints":{"allow":["GET"]}}],"collection":[{"href":"https:\/\/blogs.correiobraziliense.com.br\/vicente\/wp-json\/wp\/v2\/posts"}],"about":[{"href":"https:\/\/blogs.correiobraziliense.com.br\/vicente\/wp-json\/wp\/v2\/types\/post"}],"author":[{"embeddable":true,"href":"https:\/\/blogs.correiobraziliense.com.br\/vicente\/wp-json\/wp\/v2\/users\/22"}],"replies":[{"embeddable":true,"href":"https:\/\/blogs.correiobraziliense.com.br\/vicente\/wp-json\/wp\/v2\/comments?post=13284"}],"version-history":[{"count":1,"href":"https:\/\/blogs.correiobraziliense.com.br\/vicente\/wp-json\/wp\/v2\/posts\/13284\/revisions"}],"predecessor-version":[{"id":13285,"href":"https:\/\/blogs.correiobraziliense.com.br\/vicente\/wp-json\/wp\/v2\/posts\/13284\/revisions\/13285"}],"wp:featuredmedia":[{"embeddable":true,"href":"https:\/\/blogs.correiobraziliense.com.br\/vicente\/wp-json\/wp\/v2\/media\/12303"}],"wp:attachment":[{"href":"https:\/\/blogs.correiobraziliense.com.br\/vicente\/wp-json\/wp\/v2\/media?parent=13284"}],"wp:term":[{"taxonomy":"category","embeddable":true,"href":"https:\/\/blogs.correiobraziliense.com.br\/vicente\/wp-json\/wp\/v2\/categories?post=13284"},{"taxonomy":"post_tag","embeddable":true,"href":"https:\/\/blogs.correiobraziliense.com.br\/vicente\/wp-json\/wp\/v2\/tags?post=13284"}],"curies":[{"name":"wp","href":"https:\/\/api.w.org\/{rel}","templated":true}]}}