{"id":13248,"date":"2020-03-12T12:44:43","date_gmt":"2020-03-12T15:44:43","guid":{"rendered":"https:\/\/blogs.correiobraziliense.com.br\/vicente\/?p=13248"},"modified":"2020-03-12T13:12:03","modified_gmt":"2020-03-12T16:12:03","slug":"esplanada-em-panico-representantes-de-varios-ministerios-estiveram-com-wajngarten-que-esta-com-coronavirus","status":"publish","type":"post","link":"https:\/\/blogs.correiobraziliense.com.br\/vicente\/esplanada-em-panico-representantes-de-varios-ministerios-estiveram-com-wajngarten-que-esta-com-coronavirus\/","title":{"rendered":"Esplanada em p\u00e2nico: representantes de v\u00e1rios minist\u00e9rios estiveram com Wajngarten, que est\u00e1 com coronav\u00edrus"},"content":{"rendered":"<h2>A Esplanada dos Minist\u00e9rios est\u00e1 em polvorosa. N\u00e3o sem raz\u00e3o. O chefe da Secretaria de Comunica\u00e7\u00e3o do Pal\u00e1cio do Planalto,\u00a0F\u00e1bio Wajngarten, esteve com representantes de v\u00e1rios minist\u00e9rios durante a viagem que fez aos Estados Unidos, na comitiva do presidente Jair Bolsonaro.\u00a0Wajngarten foi diagnosticado com o novo coronav\u00edrus.<\/h2>\n<p>&nbsp;<\/p>\n<p>Desde que a contamina\u00e7\u00e3o de\u00a0Wajngarten se tornou p\u00fablica, servidores come\u00e7aram a rastrear todos os nomes que estavam na comitiva presidencial aos Estados Unidos. A rela\u00e7\u00e3o \u00e9 grande. Est\u00e3o na lista integrantes dos minist\u00e9rios de Minas e Energia, da Defesa, da Economia, do Turismo, das Rela\u00e7\u00f5es Exteriores e da Agricultura.<\/p>\n<p>&nbsp;<\/p>\n<p>Tamb\u00e9m participaram da viagem outros integrantes do Pal\u00e1cio do Planalto, como o ministro do Gabinete de Seguran\u00e7a Institucional, Augusto Heleno, e o assessor especial para assuntos internacionais,\u00a0Filipe Martins, al\u00e9m da primeira-dama, Michelle Bolsonaro.<\/p>\n<p>&nbsp;<\/p>\n<p>O Planalto confirma que integrantes das For\u00e7as Armadas e do Congresso e o governo do Paran\u00e1, Ratinho J\u00fanior, tamb\u00e9m estavam na viagem.\u00a0F\u00e1bio Wajngarten teve contato ainda com representantes da embaixada do Brasil nos Estados Unidos.<\/p>\n<p>&nbsp;<\/p>\n<p><strong>Monitoramento<\/strong><\/p>\n<p>&nbsp;<\/p>\n<p>Segundo o governo, todos os integrantes da comitiva de Bolsonaro ser\u00e3o monitoradas. O que os servidores est\u00e3o se perguntando \u00e9 acontecer\u00e1 com todos aqueles que tiveram contato com as pessoas que viajaram para os Estados Unidos.<\/p>\n<p>&nbsp;<\/p>\n<p>&#8220;Com certeza, foram muitos os contatos feitos por essas pessoas. Isso quer dizer que o v\u00edrus pode estar se disseminando com for\u00e7a entre integrantes da c\u00fapula do governo e entre funcion\u00e1rios de \u00f3rg\u00e3os p\u00fablicos&#8221;, diz um servidor, que far\u00e1 teste para o coronav\u00edrus. &#8220;A Esplanada ficou em p\u00e2nico agora&#8221;, acrescenta.<\/p>\n<p>&nbsp;<\/p>\n<p><strong>Veja a lista completa das pessoas que estiveram na comitiva de Jair Bolsonaro aos Estados Unidos:<\/strong><\/p>\n<p>Primeira-dama, Michelle Bolsonaro<br \/>\nMinistro de Estado das Rela\u00e7\u00f5es Exteriores, Ernesto Ara\u00fajo<br \/>\nMinistro de Estado da Defesa, Fernando Azevedo e Silva<br \/>\nMinistro de Estado de Minas e Energia, Bento Costa<br \/>\nMinistro de Estado Chefe do Gabinete de Seguran\u00e7a Institucional, Augusto Heleno<br \/>\nGovernador do Paran\u00e1, Ratinho J\u00fanior<br \/>\nChefe do Estado Maior Conjunto das For\u00e7as Armadas, Raul Botelho<br \/>\nSenador Jorginho Mello (PL\/SC)<br \/>\nSenador Nelsinho Trad (PSD\/MS)<br \/>\nDeputado Eduardo Bolsonaro (PSL\/SP)<br \/>\nDeputado Daniel Freitas (PSL\/SC)<br \/>\nEmbaixador Nestor Forster<br \/>\nEmbaixador Jo\u00e3o Mendes<br \/>\nAssessor internacional, Filipe Martins<br \/>\nSecret\u00e1rio Especial de Comunica\u00e7\u00e3o Social, F\u00e1bio Wajngarten<br \/>\nPresidente da Embratur, Gilson Machado Guimar\u00e3es Neto<br \/>\nPresidente da Apex, Ricardo Segovia Barbosa<br \/>\nChefe de Opera\u00e7\u00f5es da Apex Brasil para a Am\u00e9rica do Norte, Juarez Leal<br \/>\nSecret\u00e1rio Especial de Com\u00e9rcio Exterior e Assuntos Internacionais, Marcos Troyjo<br \/>\nSecret\u00e1ria Especial do PPI, Martha Seillier<br \/>\nSecret\u00e1rio de Aquicultura e Pesca do Minist\u00e9rio da Agricultura, Jorge Seif<\/p>\n<p>&nbsp;<\/p>\n<p><em>Bras\u00edlia, 12h44min<\/em><\/p>\n","protected":false},"excerpt":{"rendered":"<p>A Esplanada dos Minist\u00e9rios est\u00e1 em polvorosa. N\u00e3o sem raz\u00e3o. O chefe da Secretaria de Comunica\u00e7\u00e3o do Pal\u00e1cio do Planalto,\u00a0F\u00e1bio Wajngarten, esteve com representantes de v\u00e1rios minist\u00e9rios durante a viagem que fez aos Estados Unidos, na comitiva do presidente Jair Bolsonaro.\u00a0Wajngarten foi diagnosticado com o novo coronav\u00edrus. &nbsp; Desde que a contamina\u00e7\u00e3o de\u00a0Wajngarten se tornou [&hellip;]<\/p>\n","protected":false},"author":22,"featured_media":13249,"comment_status":"open","ping_status":"closed","sticky":false,"template":"","format":"standard","meta":{"footnotes":""},"categories":[600],"tags":[2554,4419,3670,363,4475,4400,668],"class_list":["post-13248","post","type-post","status-publish","format-standard","has-post-thumbnail","hentry","category-economia","tag-bolsonaro","tag-coronavirus","tag-esplanada","tag-estados-unidos","tag-fabio-wajngarten","tag-ministerios","tag-viagem"],"_links":{"self":[{"href":"https:\/\/blogs.correiobraziliense.com.br\/vicente\/wp-json\/wp\/v2\/posts\/13248","targetHints":{"allow":["GET"]}}],"collection":[{"href":"https:\/\/blogs.correiobraziliense.com.br\/vicente\/wp-json\/wp\/v2\/posts"}],"about":[{"href":"https:\/\/blogs.correiobraziliense.com.br\/vicente\/wp-json\/wp\/v2\/types\/post"}],"author":[{"embeddable":true,"href":"https:\/\/blogs.correiobraziliense.com.br\/vicente\/wp-json\/wp\/v2\/users\/22"}],"replies":[{"embeddable":true,"href":"https:\/\/blogs.correiobraziliense.com.br\/vicente\/wp-json\/wp\/v2\/comments?post=13248"}],"version-history":[{"count":1,"href":"https:\/\/blogs.correiobraziliense.com.br\/vicente\/wp-json\/wp\/v2\/posts\/13248\/revisions"}],"predecessor-version":[{"id":13250,"href":"https:\/\/blogs.correiobraziliense.com.br\/vicente\/wp-json\/wp\/v2\/posts\/13248\/revisions\/13250"}],"wp:featuredmedia":[{"embeddable":true,"href":"https:\/\/blogs.correiobraziliense.com.br\/vicente\/wp-json\/wp\/v2\/media\/13249"}],"wp:attachment":[{"href":"https:\/\/blogs.correiobraziliense.com.br\/vicente\/wp-json\/wp\/v2\/media?parent=13248"}],"wp:term":[{"taxonomy":"category","embeddable":true,"href":"https:\/\/blogs.correiobraziliense.com.br\/vicente\/wp-json\/wp\/v2\/categories?post=13248"},{"taxonomy":"post_tag","embeddable":true,"href":"https:\/\/blogs.correiobraziliense.com.br\/vicente\/wp-json\/wp\/v2\/tags?post=13248"}],"curies":[{"name":"wp","href":"https:\/\/api.w.org\/{rel}","templated":true}]}}