{"id":13229,"date":"2020-03-12T09:19:03","date_gmt":"2020-03-12T12:19:03","guid":{"rendered":"https:\/\/blogs.correiobraziliense.com.br\/vicente\/?p=13229"},"modified":"2020-03-12T09:41:53","modified_gmt":"2020-03-12T12:41:53","slug":"dolar-ultrapassa-os-r-5-e-deixa-governo-em-panico","status":"publish","type":"post","link":"https:\/\/blogs.correiobraziliense.com.br\/vicente\/dolar-ultrapassa-os-r-5-e-deixa-governo-em-panico\/","title":{"rendered":"D\u00f3lar ultrapassa os R$ 5 e deixa governo em p\u00e2nico"},"content":{"rendered":"<h2>O que o presidente Jair Bolsonaro mais temia aconteceu: o d\u00f3lar abriu esta quinta-feira (12\/03) rompendo a barreira psicol\u00f3gica de R$ 5, marca que muitos especialistas dizem cravar no governo a pecha de fracasso. A divisas chegou a R$ 5,027, com alta de 6%.<\/h2>\n<h2><\/h2>\n<p>O Banco Central refor\u00e7ou seu arsenal e anunciou a venda de US$ 2,5 bilh\u00f5es das reservas cambiais (de in\u00edcio venderia US$ 1,5 bilh\u00e3o), mas tudo indica que n\u00e3o ser\u00e1 suficiente para reverter a corrida por prote\u00e7\u00e3o na moeda norte-americana. Ap\u00f3s o an\u00fancio de novo leil\u00e3o, o d\u00f3lar cedeu ligeiramente, para R$ 4,975.<\/p>\n<p>&nbsp;<\/p>\n<p>A disparada do d\u00f3lar reflete toda a inseguran\u00e7a dos investidores com o impacto do novo coronav\u00edrus na economia. Tudo indica que o mundo est\u00e1 mergulhando numa pesada recess\u00e3o, com ind\u00fastria e varejo dos principais pa\u00edses tombando. O Brasil deve ser arrastado por essa onda.<\/p>\n<p>&nbsp;<\/p>\n<p>Por aqui, o clima azedou mais por causa da decis\u00e3o do Congresso de derrubar o veto de Bolsonaro ao aumento do valor da renda de acesso ao BPC, o Benef\u00edcio de Presta\u00e7\u00e3o Continuado pago a idosos e pessoas com defici\u00eancias de baixa renda.<\/p>\n<p>&nbsp;<\/p>\n<p>Pelos c\u00e1lculos do governo, a decis\u00e3o do Congresso custar\u00e1 R$ 20 bilh\u00f5es por ano ou R$ 217 bilh\u00f5es em 10 anos. Segundo o secret\u00e1rio do Tesouro Nacional, Mansueto Almeida, essa despesa n\u00e3o cabe no Or\u00e7amento e poder\u00e1 representar o estouro do teto dos gastos. Ou seja, os investidores veem o ajuste das contas p\u00fablicas em perigo.<\/p>\n<p>&nbsp;<\/p>\n<p>No mundo, o nervosismo se acentuou depois do an\u00fancio de medidas feitas pelo presidente dos Estados Unidos, Donald Trump, para enfrentar a dissemina\u00e7\u00e3o do coronav\u00edrus. Entre as medidas, est\u00e1 a proibi\u00e7\u00e3o de voos para a Europa por 30 dias.<\/p>\n<p>&nbsp;<\/p>\n<p>As bolsas de valores da \u00c1sia desabaram. O mesmo est\u00e1 acontecendo na Europa, onde os principais preg\u00f5es registram perdas superiores a 5%, e n\u00e3o dever\u00e1 ser diferente no Bolsa de S\u00e3o Paulo, que ontem desabou mais de 7%. No mercado futuro de juros, j\u00e1 n\u00e3o se aposta mais em queda das taxas de juros no pa\u00eds.<\/p>\n<p>&nbsp;<\/p>\n<p><em>Bras\u00edlia, 09h19min<\/em><\/p>\n","protected":false},"excerpt":{"rendered":"<p>O que o presidente Jair Bolsonaro mais temia aconteceu: o d\u00f3lar abriu esta quinta-feira (12\/03) rompendo a barreira psicol\u00f3gica de R$ 5, marca que muitos especialistas dizem cravar no governo a pecha de fracasso. A divisas chegou a R$ 5,027, com alta de 6%. O Banco Central refor\u00e7ou seu arsenal e anunciou a venda de [&hellip;]<\/p>\n","protected":false},"author":22,"featured_media":10722,"comment_status":"open","ping_status":"closed","sticky":false,"template":"","format":"standard","meta":{"footnotes":""},"categories":[600],"tags":[],"class_list":["post-13229","post","type-post","status-publish","format-standard","has-post-thumbnail","hentry","category-economia"],"_links":{"self":[{"href":"https:\/\/blogs.correiobraziliense.com.br\/vicente\/wp-json\/wp\/v2\/posts\/13229","targetHints":{"allow":["GET"]}}],"collection":[{"href":"https:\/\/blogs.correiobraziliense.com.br\/vicente\/wp-json\/wp\/v2\/posts"}],"about":[{"href":"https:\/\/blogs.correiobraziliense.com.br\/vicente\/wp-json\/wp\/v2\/types\/post"}],"author":[{"embeddable":true,"href":"https:\/\/blogs.correiobraziliense.com.br\/vicente\/wp-json\/wp\/v2\/users\/22"}],"replies":[{"embeddable":true,"href":"https:\/\/blogs.correiobraziliense.com.br\/vicente\/wp-json\/wp\/v2\/comments?post=13229"}],"version-history":[{"count":3,"href":"https:\/\/blogs.correiobraziliense.com.br\/vicente\/wp-json\/wp\/v2\/posts\/13229\/revisions"}],"predecessor-version":[{"id":13232,"href":"https:\/\/blogs.correiobraziliense.com.br\/vicente\/wp-json\/wp\/v2\/posts\/13229\/revisions\/13232"}],"wp:featuredmedia":[{"embeddable":true,"href":"https:\/\/blogs.correiobraziliense.com.br\/vicente\/wp-json\/wp\/v2\/media\/10722"}],"wp:attachment":[{"href":"https:\/\/blogs.correiobraziliense.com.br\/vicente\/wp-json\/wp\/v2\/media?parent=13229"}],"wp:term":[{"taxonomy":"category","embeddable":true,"href":"https:\/\/blogs.correiobraziliense.com.br\/vicente\/wp-json\/wp\/v2\/categories?post=13229"},{"taxonomy":"post_tag","embeddable":true,"href":"https:\/\/blogs.correiobraziliense.com.br\/vicente\/wp-json\/wp\/v2\/tags?post=13229"}],"curies":[{"name":"wp","href":"https:\/\/api.w.org\/{rel}","templated":true}]}}