{"id":13132,"date":"2020-03-04T12:57:03","date_gmt":"2020-03-04T15:57:03","guid":{"rendered":"https:\/\/blogs.correiobraziliense.com.br\/vicente\/?p=13132"},"modified":"2020-03-04T14:20:30","modified_gmt":"2020-03-04T17:20:30","slug":"ate-quando-paulo-guedes-vai-se-sustentar-no-cargo-ele-nao-entregou-nada-do-que-prometeu","status":"publish","type":"post","link":"https:\/\/blogs.correiobraziliense.com.br\/vicente\/ate-quando-paulo-guedes-vai-se-sustentar-no-cargo-ele-nao-entregou-nada-do-que-prometeu\/","title":{"rendered":"At\u00e9 quando Paulo Guedes vai se sustentar no cargo? Ele n\u00e3o entregou nada do que prometeu"},"content":{"rendered":"<h2>O ministro da Economia, Paulo Guedes, tomou posse prometendo o para\u00edso para o Brasil. Crescimento sustentado superior a 3% ao ano, deficit p\u00fablico zerado no primeiro ano de governo de Jair Bolsonaro, investimentos de mais de R$ 300 bilh\u00f5es depois da aprova\u00e7\u00e3o da reforma da Previd\u00eancia.<\/h2>\n<p>&nbsp;<\/p>\n<p>Um ano e quase tr\u00eas meses depois, o que se v\u00ea \u00e9 uma cole\u00e7\u00e3o de fracassos e promessas n\u00e3o cumpridas. O Produto Interno Bruto (PIB) de 2019 cresceu minguado 1,1%, a menor taxa desde a recess\u00e3o provocada por Dilma Rousseff. O pa\u00eds registrar\u00e1 em 2020 o s\u00e9timo ano de rombo nas contas p\u00fablicas e os t\u00e3o esperados investimentos n\u00e3o chegaram.<\/p>\n<p>&nbsp;<\/p>\n<p>Guedes continua prometendo mundos e fundos. Mas a sua l\u00e1bia j\u00e1 n\u00e3o convence tanto quanto antes. No setor privado, o ministro \u00e9 visto mais como um criador de casos, sobretudo por suas declara\u00e7\u00f5es preconceituosas, do que como um bom executor. No governo, o m\u00ednimo que se diz \u00e9 que ele foi superestimado.<\/p>\n<p>&nbsp;<\/p>\n<p><strong>Press\u00e3o<\/strong><\/p>\n<p>&nbsp;<\/p>\n<p>H\u00e1, no entorno de Bolsonaro, uma press\u00e3o crescente para a necessidade de o Brasil crescer mais rapidamente, mas se reconhece que n\u00e3o ser\u00e1 com Guedes que isso acontecer\u00e1. Para a ala pol\u00edtica do Pal\u00e1cio do Planalto, uma economia forte \u00e9 vital para que os candidatos vinculados ao governo tenham bom desempenho nas elei\u00e7\u00f5es municipais neste ano.<\/p>\n<p>&nbsp;<\/p>\n<p>As disputas de outubro s\u00e3o vistas como um importante teste para medir a for\u00e7a do presidente rumo \u00e0 reelei\u00e7\u00e3o em 2022. Tamb\u00e9m \u00e9 importante para afastar qualquer risco de o debate por impeachment recrudescer. Os que dizem isso lembram o caso de Dilma Rousseff: ela s\u00f3 caiu porque afundou a economia.<\/p>\n<p>&nbsp;<\/p>\n<p>N\u00e3o custa lembrar que Paulo Guedes esperou cerca de 30 anos para chegar ao posto de ministro da Economia. Desde a redemocratiza\u00e7\u00e3o do pa\u00eds, ele se posicionava para fazer parte de equipes econ\u00f4micas, mas nunca conseguiu ser chamado para nada.<\/p>\n<p>&nbsp;<\/p>\n<p>Agora que est\u00e1 no poder, ainda acreditando que \u00e9 um superministro, virou sin\u00f4nimo de frustra\u00e7\u00e3o. Recentemente, Bolsonaro, no nada, citou em um discurso que espera que o ministro da Economia v\u00e1 com ele at\u00e9 o final do governo. Soou mal e estimulou especula\u00e7\u00f5es na Esplanada e no Congresso. Um ministro forte n\u00e3o precisa desse tipo de afago.<\/p>\n<p>&nbsp;<\/p>\n<p>O que todos come\u00e7am a se perguntar \u00e9 at\u00e9 quando Paulo Guedes vai se sustentar no cargo se n\u00e3o entregar, na velocidade esperada, o que prometeu? As apostas j\u00e1 come\u00e7aram. E o ministro est\u00e1 ciente de que seu discurso j\u00e1 perdeu a for\u00e7a h\u00e1 muito tempo.<\/p>\n<p>&nbsp;<\/p>\n<p><em>Bras\u00edlia, 12h57min<\/em><\/p>\n","protected":false},"excerpt":{"rendered":"<p>O ministro da Economia, Paulo Guedes, tomou posse prometendo o para\u00edso para o Brasil. Crescimento sustentado superior a 3% ao ano, deficit p\u00fablico zerado no primeiro ano de governo de Jair Bolsonaro, investimentos de mais de R$ 300 bilh\u00f5es depois da aprova\u00e7\u00e3o da reforma da Previd\u00eancia. &nbsp; Um ano e quase tr\u00eas meses depois, o [&hellip;]<\/p>\n","protected":false},"author":22,"featured_media":10371,"comment_status":"open","ping_status":"closed","sticky":false,"template":"","format":"standard","meta":{"footnotes":""},"categories":[600],"tags":[2554,589,689,3613,58,279],"class_list":["post-13132","post","type-post","status-publish","format-standard","has-post-thumbnail","hentry","category-economia","tag-bolsonaro","tag-economia","tag-frustracao","tag-paulo-guedes","tag-pib","tag-queda"],"_links":{"self":[{"href":"https:\/\/blogs.correiobraziliense.com.br\/vicente\/wp-json\/wp\/v2\/posts\/13132","targetHints":{"allow":["GET"]}}],"collection":[{"href":"https:\/\/blogs.correiobraziliense.com.br\/vicente\/wp-json\/wp\/v2\/posts"}],"about":[{"href":"https:\/\/blogs.correiobraziliense.com.br\/vicente\/wp-json\/wp\/v2\/types\/post"}],"author":[{"embeddable":true,"href":"https:\/\/blogs.correiobraziliense.com.br\/vicente\/wp-json\/wp\/v2\/users\/22"}],"replies":[{"embeddable":true,"href":"https:\/\/blogs.correiobraziliense.com.br\/vicente\/wp-json\/wp\/v2\/comments?post=13132"}],"version-history":[{"count":1,"href":"https:\/\/blogs.correiobraziliense.com.br\/vicente\/wp-json\/wp\/v2\/posts\/13132\/revisions"}],"predecessor-version":[{"id":13133,"href":"https:\/\/blogs.correiobraziliense.com.br\/vicente\/wp-json\/wp\/v2\/posts\/13132\/revisions\/13133"}],"wp:featuredmedia":[{"embeddable":true,"href":"https:\/\/blogs.correiobraziliense.com.br\/vicente\/wp-json\/wp\/v2\/media\/10371"}],"wp:attachment":[{"href":"https:\/\/blogs.correiobraziliense.com.br\/vicente\/wp-json\/wp\/v2\/media?parent=13132"}],"wp:term":[{"taxonomy":"category","embeddable":true,"href":"https:\/\/blogs.correiobraziliense.com.br\/vicente\/wp-json\/wp\/v2\/categories?post=13132"},{"taxonomy":"post_tag","embeddable":true,"href":"https:\/\/blogs.correiobraziliense.com.br\/vicente\/wp-json\/wp\/v2\/tags?post=13132"}],"curies":[{"name":"wp","href":"https:\/\/api.w.org\/{rel}","templated":true}]}}