{"id":13119,"date":"2020-03-04T13:45:21","date_gmt":"2020-03-04T16:45:21","guid":{"rendered":"https:\/\/blogs.correiobraziliense.com.br\/vicente\/?p=13119"},"modified":"2020-03-04T14:26:27","modified_gmt":"2020-03-04T17:26:27","slug":"resultado-do-pib-mostra-que-economia-perdeu-tracao","status":"publish","type":"post","link":"https:\/\/blogs.correiobraziliense.com.br\/vicente\/resultado-do-pib-mostra-que-economia-perdeu-tracao\/","title":{"rendered":"Resultado do PIB mostra que economia perdeu tra\u00e7\u00e3o"},"content":{"rendered":"<h2>ROSANA HESSEL<\/h2>\n<h2><\/h2>\n<h2>Os dados do Produto Interno Bruto (PIB) divulgados pelo Instituto Brasileiro de Geografia e Estat\u00edstica (IBGE) nesta quarta-feira (04\/03) n\u00e3o permitem comemora\u00e7\u00e3o porque refletem uma triste realidade: a economia perdeu tra\u00e7\u00e3o e o cen\u00e1rio pode piorar com a desacelera\u00e7\u00e3o global devido ao impacto do novo coronav\u00edrus.<\/h2>\n<p>&nbsp;<\/p>\n<p>Depois de crescer 0,6% no terceiro trimestre de 2019, o PIB encerrou os tr\u00eas meses entre outubro e dezembro com alta de 0,5%, desacelerando levemente na compara\u00e7\u00e3o na margem, pois, no trimestre anterior, o PIB tinha avan\u00e7ado 0,6%. E, no acumulado de 2019, o PIB avan\u00e7ou apenas 1,1%, taxa abaixo das revisadas para 2017 e 2018, de 1,3%, anos do governo Michel Temer, e menos da metade das expectativas do mercado e do governo para o avan\u00e7o do PIB do in\u00edcio do ano, de 2,5%.<\/p>\n<p>&nbsp;<\/p>\n<p>Essa\u00a0perda de tra\u00e7\u00e3o chama a aten\u00e7\u00e3o em um ano em que a guerra comercial entre China e Estados Unidos afetou pouco a economia brasileira e que o governo conseguiu aprovar, aos trancos e barrancos e com o presidente Jair Bolsonaro muitas vezes jogando contra o Congresso, a reforma da Previd\u00eancia.<\/p>\n<p>&nbsp;<\/p>\n<p><strong>Motores fracos<\/strong><\/p>\n<p>&nbsp;<\/p>\n<p>O recuo do PIB no quarto trimestre de 2019 foi puxado pela desacelera\u00e7\u00e3o dos dois principais motores do crescimento econ\u00f4mico: consumo das fam\u00edlias e investimento Na compara\u00e7\u00e3o com o trimestre anterior, a taxa de expans\u00e3o do consumo passou de 0,7% para 0,5%. Esse recuo ocorreu curiosamente em um per\u00edodo que costuma ser favor\u00e1vel para o aumento do consumo devido \u00e0s festas natalinas.\u00a0Enquanto isso, os investimentos, que s\u00e3o medidos pelo indicador Forma\u00e7\u00e3o Bruta de Capital Fixo (FBCF), encolheram. Depois de registrarem alta de 1,3%, entre julho e setembro, registraram queda de 3,3%, entre outubro e dezembro.<\/p>\n<p>&nbsp;<\/p>\n<p>Com o cen\u00e1rio adverso no setor externo em virtude da expans\u00e3o do novo coronav\u00edrus, as proje\u00e7\u00f5es de crescimento deste ano est\u00e3o em queda. Logo, as apostas de que o Banco Central dever\u00e1 continuar cortando a taxa de juros b\u00e1sica (Selic) na pr\u00f3xima reuni\u00e3o do Comit\u00ea de Pol\u00edtica Monet\u00e1ria (Copom) aumentam. Para o economista William Jackson, da consultoria brit\u00e2nica Capital Economics, o colegiado dever\u00e1 reduzir a Selic dos atuais 4,25% para 4% no fim deste m\u00eas. Ele contou que o resultado veio em linha com o que a consultoria estava prevendo e ainda fez um alerta para essa desacelera\u00e7\u00e3o \u201cmais forte\u201d no \u00faltimo trimestre de 2019.<\/p>\n<p>&nbsp;<\/p>\n<p>\u201cFundamentalmente, o n\u00famero do quarto trimestre oculta uma desacelera\u00e7\u00e3o acentuada no final do trimestre. O indicador de atividade econ\u00f4mica do Banco Central aumentou acentuadamente em termos em outubro, mas contraiu em novembro e dezembro\u201d, alertou Jackson.\u00a0\u00a0Ontem, em fun\u00e7\u00e3o da piora das previs\u00f5es sobre o impacto do novo coronav\u00edrus na economia global, a Capital Economics reduziu de 1,5% para 1,3% a expectativa de crescimento do PIB brasileiro em 2020. Ou, seja, na melhor das hip\u00f3teses, Bolsonaro entregar\u00e1 um resultado parecido com o do governo Temer.<\/p>\n<p>&nbsp;<\/p>\n<p>Enquanto isso, o ministro da Economia, Paulo Guedes, evitou comentar oficialmente a frustra\u00e7\u00e3o com o PIB, preferindo mandar sua equipe soltar uma nota que destaca os dados na compara\u00e7\u00e3o anual, afirmando que \u201ca economia mant\u00e9m a trajet\u00f3ria de recupera\u00e7\u00e3o da atividade econ\u00f4mica\u201d.\u00a0Mas, mesmo na base acumulada em quatro trimestres, a taxa de crescimento do investimento desacelera de 3,9%, em 2018, para 2,24%, em 2020. N\u00e3o \u00e0 toa, em rela\u00e7\u00e3o ao PIB, a taxa de investimento ficou em 15,4%, abaixo do ideal para o pa\u00eds ter um crescimento sustent\u00e1vel, ou seja, acima de 25% do PIB. Realmente, o momento \u00e9 s\u00e9rio e n\u00e3o \u00e9 para fazer piadas sem gra\u00e7a com bananas como tenta fazer Bolsonaro. E quem ri, est\u00e1 realmente sem no\u00e7\u00e3o da realidade.<\/p>\n<p>&nbsp;<\/p>\n<p>&nbsp;<\/p>\n","protected":false},"excerpt":{"rendered":"<p>ROSANA HESSEL Os dados do Produto Interno Bruto (PIB) divulgados pelo Instituto Brasileiro de Geografia e Estat\u00edstica (IBGE) nesta quarta-feira (04\/03) n\u00e3o permitem comemora\u00e7\u00e3o porque refletem uma triste realidade: a economia perdeu tra\u00e7\u00e3o e o cen\u00e1rio pode piorar com a desacelera\u00e7\u00e3o global devido ao impacto do novo coronav\u00edrus. &nbsp; Depois de crescer 0,6% no terceiro [&hellip;]<\/p>\n","protected":false},"author":22,"featured_media":0,"comment_status":"open","ping_status":"closed","sticky":false,"template":"","format":"standard","meta":{"footnotes":""},"categories":[600],"tags":[2554,3893,2341,589,3623,3613,58],"class_list":["post-13119","post","type-post","status-publish","format-standard","hentry","category-economia","tag-bolsonaro","tag-capital-economics","tag-consumo","tag-economia","tag-investimento","tag-paulo-guedes","tag-pib"],"_links":{"self":[{"href":"https:\/\/blogs.correiobraziliense.com.br\/vicente\/wp-json\/wp\/v2\/posts\/13119","targetHints":{"allow":["GET"]}}],"collection":[{"href":"https:\/\/blogs.correiobraziliense.com.br\/vicente\/wp-json\/wp\/v2\/posts"}],"about":[{"href":"https:\/\/blogs.correiobraziliense.com.br\/vicente\/wp-json\/wp\/v2\/types\/post"}],"author":[{"embeddable":true,"href":"https:\/\/blogs.correiobraziliense.com.br\/vicente\/wp-json\/wp\/v2\/users\/22"}],"replies":[{"embeddable":true,"href":"https:\/\/blogs.correiobraziliense.com.br\/vicente\/wp-json\/wp\/v2\/comments?post=13119"}],"version-history":[{"count":4,"href":"https:\/\/blogs.correiobraziliense.com.br\/vicente\/wp-json\/wp\/v2\/posts\/13119\/revisions"}],"predecessor-version":[{"id":13134,"href":"https:\/\/blogs.correiobraziliense.com.br\/vicente\/wp-json\/wp\/v2\/posts\/13119\/revisions\/13134"}],"wp:attachment":[{"href":"https:\/\/blogs.correiobraziliense.com.br\/vicente\/wp-json\/wp\/v2\/media?parent=13119"}],"wp:term":[{"taxonomy":"category","embeddable":true,"href":"https:\/\/blogs.correiobraziliense.com.br\/vicente\/wp-json\/wp\/v2\/categories?post=13119"},{"taxonomy":"post_tag","embeddable":true,"href":"https:\/\/blogs.correiobraziliense.com.br\/vicente\/wp-json\/wp\/v2\/tags?post=13119"}],"curies":[{"name":"wp","href":"https:\/\/api.w.org\/{rel}","templated":true}]}}