{"id":13112,"date":"2020-03-03T18:28:43","date_gmt":"2020-03-03T21:28:43","guid":{"rendered":"https:\/\/blogs.correiobraziliense.com.br\/vicente\/?p=13112"},"modified":"2020-03-03T18:49:04","modified_gmt":"2020-03-03T21:49:04","slug":"banco-central-cortara-juros-resta-saber-se-025-ou-050-ponto","status":"publish","type":"post","link":"https:\/\/blogs.correiobraziliense.com.br\/vicente\/banco-central-cortara-juros-resta-saber-se-025-ou-050-ponto\/","title":{"rendered":"Banco Central cortar\u00e1 juros. Resta saber se 0,25 ou 0,50 ponto"},"content":{"rendered":"<h2>O Banco Central praticamente rasgou a ata da \u00faltima reuni\u00e3o do Comit\u00ea de Pol\u00edtica Monet\u00e1ria (Copom), na qual havia indicado o fim do processo de corte da taxa b\u00e1sica de juros (Selic), que est\u00e1 em 4,25% ao ano, o n\u00edvel mais baixo da hist\u00f3ria, e poder\u00e1 fazer nova redu\u00e7\u00e3o no custo do dinheiro.<\/h2>\n<p>&nbsp;<\/p>\n<p>Em comunicado nesta ter\u00e7a-feira (03\/03), a autoridade monet\u00e1ria informou que as pr\u00f3ximas duas semanas ser\u00e3o decisivas para a condu\u00e7\u00e3o da pol\u00edtica monet\u00e1ria, por causa dos efeitos do coronav\u00edrus na economia global e, em particular, na brasileira.<\/p>\n<p>&nbsp;<\/p>\n<p>A pergunta que todos os analistas est\u00e3o se fazendo \u00e9 at\u00e9 onde o BC est\u00e1 disposto a ir: reduzir\u00e1 a Selic em 0,25 ponto percentual, para 4%, ou baixar\u00e1 0,50 ponto, para 3,75%. Em meio \u00e0s apostas, o importante, segundo os especialistas, \u00e9 saber que a autoridade monet\u00e1ria est\u00e1 disposta a agir para evitar que o pa\u00eds mergulhe em nova recess\u00e3o.<\/p>\n<p>&nbsp;<\/p>\n<p><strong>Efeito Fed<\/strong><\/p>\n<p>&nbsp;<\/p>\n<p>Ao soltar o comunicado ao mercado, o BC indicou que poder\u00e1 seguir o que fez o Federal Reserve (Fed), o Banco Central dos Estados Unidos, que cortou os juros em 0,5 ponto em uma reuni\u00e3o extraordin\u00e1ria. O Fed voltar\u00e1 a se reunir em 18 de abril, no mesmo dia em que o Copom bater\u00e1 o martelo em rela\u00e7\u00e3o \u00e0 Selic.<\/p>\n<p>&nbsp;<\/p>\n<p>\u00c9 poss\u00edvel que o Fed promova mais uma redu\u00e7\u00e3o dos juros nos Estados Unidos e o Copom, da Selic. &#8220;Quando a casa esta pegando fogo, a janela surge como uma op\u00e7\u00e3o de fuga. E o BC brasileiro abriu todas as janelas para baixar a Selic&#8221;, explica um integrante do mercado, que prev\u00ea a Selic em 3,50% ao ano, porque a infla\u00e7\u00e3o est\u00e1 no ch\u00e3o.<\/p>\n<p>&nbsp;<\/p>\n<p>Desde o in\u00edcio do 2020, a economia brasileira vem perdendo for\u00e7a. Com a chegada do coronav\u00edrus, o quadro se agravou, sobretudo porque o mundo entrou em parafuso e a segunda economia do planeta, a China, est\u00e1 praticamente parada. As proje\u00e7\u00f5es de crescimento para o Brasil, que come\u00e7aram entre 2,5% e 3%, caminham, agora, para 1,5% e 1%.<\/p>\n<p>&nbsp;<\/p>\n<p>Veja a \u00edntegra do comunicado do Banco Central:<\/p>\n<p>&nbsp;<\/p>\n<p><em>&#8220;O Banco Central monitora atentamente os impactos do surto de coronav\u00edrus nas condi\u00e7\u00f5es financeiras e na economia brasileira. No \u00faltimo Copom, o 15\u00ba par\u00e1grafo da Ata da 228\u00aa reuni\u00e3o afirma: \u201cO eventual prolongamento ou intensifica\u00e7\u00e3o do surto implicaria uma desacelera\u00e7\u00e3o adicional do crescimento global, com impactos sobre os pre\u00e7os das commodities e de importantes ativos financeiros. O Copom concluiu que a consequ\u00eancia desses efeitos para a condu\u00e7\u00e3o da pol\u00edtica monet\u00e1ria depender\u00e1 da magnitude relativa da desacelera\u00e7\u00e3o da economia global versus a rea\u00e7\u00e3o dos ativos financeiros.\u201d \u00c0 luz dos eventos recentes, o impacto sobre a economia brasileira proveniente da desacelera\u00e7\u00e3o global tende a dominar uma eventual deteriora\u00e7\u00e3o nos pre\u00e7os de ativos financeiros. O Banco Central enfatiza que as pr\u00f3ximas duas semanas permitir\u00e3o uma avalia\u00e7\u00e3o mais precisa dos efeitos do surto de coronavirus na trajet\u00f3ria prospectiva de infla\u00e7\u00e3o no horizonte relevante de pol\u00edtica monet\u00e1ria.&#8221;<\/em><\/p>\n<p>&nbsp;<\/p>\n<p>Bras\u00edlia, 18h28min<\/p>\n","protected":false},"excerpt":{"rendered":"<p>O Banco Central praticamente rasgou a ata da \u00faltima reuni\u00e3o do Comit\u00ea de Pol\u00edtica Monet\u00e1ria (Copom), na qual havia indicado o fim do processo de corte da taxa b\u00e1sica de juros (Selic), que est\u00e1 em 4,25% ao ano, o n\u00edvel mais baixo da hist\u00f3ria, e poder\u00e1 fazer nova redu\u00e7\u00e3o no custo do dinheiro. &nbsp; Em [&hellip;]<\/p>\n","protected":false},"author":22,"featured_media":12303,"comment_status":"open","ping_status":"closed","sticky":false,"template":"","format":"standard","meta":{"footnotes":""},"categories":[600],"tags":[4419,14,4,34,2836],"class_list":["post-13112","post","type-post","status-publish","format-standard","has-post-thumbnail","hentry","category-economia","tag-coronavirus","tag-inflacao","tag-juros","tag-selic","tag-taxa"],"_links":{"self":[{"href":"https:\/\/blogs.correiobraziliense.com.br\/vicente\/wp-json\/wp\/v2\/posts\/13112","targetHints":{"allow":["GET"]}}],"collection":[{"href":"https:\/\/blogs.correiobraziliense.com.br\/vicente\/wp-json\/wp\/v2\/posts"}],"about":[{"href":"https:\/\/blogs.correiobraziliense.com.br\/vicente\/wp-json\/wp\/v2\/types\/post"}],"author":[{"embeddable":true,"href":"https:\/\/blogs.correiobraziliense.com.br\/vicente\/wp-json\/wp\/v2\/users\/22"}],"replies":[{"embeddable":true,"href":"https:\/\/blogs.correiobraziliense.com.br\/vicente\/wp-json\/wp\/v2\/comments?post=13112"}],"version-history":[{"count":1,"href":"https:\/\/blogs.correiobraziliense.com.br\/vicente\/wp-json\/wp\/v2\/posts\/13112\/revisions"}],"predecessor-version":[{"id":13113,"href":"https:\/\/blogs.correiobraziliense.com.br\/vicente\/wp-json\/wp\/v2\/posts\/13112\/revisions\/13113"}],"wp:featuredmedia":[{"embeddable":true,"href":"https:\/\/blogs.correiobraziliense.com.br\/vicente\/wp-json\/wp\/v2\/media\/12303"}],"wp:attachment":[{"href":"https:\/\/blogs.correiobraziliense.com.br\/vicente\/wp-json\/wp\/v2\/media?parent=13112"}],"wp:term":[{"taxonomy":"category","embeddable":true,"href":"https:\/\/blogs.correiobraziliense.com.br\/vicente\/wp-json\/wp\/v2\/categories?post=13112"},{"taxonomy":"post_tag","embeddable":true,"href":"https:\/\/blogs.correiobraziliense.com.br\/vicente\/wp-json\/wp\/v2\/tags?post=13112"}],"curies":[{"name":"wp","href":"https:\/\/api.w.org\/{rel}","templated":true}]}}