{"id":13108,"date":"2020-03-03T12:11:45","date_gmt":"2020-03-03T15:11:45","guid":{"rendered":"https:\/\/blogs.correiobraziliense.com.br\/vicente\/?p=13108"},"modified":"2020-03-03T12:36:11","modified_gmt":"2020-03-03T15:36:11","slug":"bolsas-de-valores-disparam-com-corte-de-juros-pelo-fed-dolar-cai","status":"publish","type":"post","link":"https:\/\/blogs.correiobraziliense.com.br\/vicente\/bolsas-de-valores-disparam-com-corte-de-juros-pelo-fed-dolar-cai\/","title":{"rendered":"Bolsas de valores disparam com corte de juros pelo Fed. D\u00f3lar cai"},"content":{"rendered":"<h2>T\u00e3o logo o Federal Reserve (Fed) anunciou corte de 0,5 ponto percentual na taxa b\u00e1sica de juros dos Estados Unidos para enfrentar os efeitos econ\u00f4micos do novo coranav\u00edrus, as bolsas de valores de todo o mundo dispararam. No Brasil, o Ibovespa, principal \u00edndice de lucratividade da Bolsa de S\u00e3o Paulo, saltou mais de 1%. O d\u00f3lar, que estava acima de R$ 4,50, caiu.<\/h2>\n<p>&nbsp;<\/p>\n<p>Na Europa, os principais mercados acion\u00e1rios registraram pico de valoriza\u00e7\u00e3o superior a 3%, mas, logo depois, se acomodaram em alta perto de 2,5%. Nos Estados Unidos, o Dow Jones teve comportamento mais moderado, pois, na v\u00e9spera, havia antecipado a redu\u00e7\u00e3o dos juros.<\/p>\n<p>&nbsp;<\/p>\n<p>Os investidores acreditam que, com um movimento coordenado dos banco centrais, a economia mundial ter\u00e1 condi\u00e7\u00f5es de enfrentar melhor o estrago provocado pelo coronav\u00edrus. A China, onde o v\u00edrus surgiu, aos poucos a ind\u00fastria come\u00e7a a produzir novamente. Mas o primeiro trimestre do ano est\u00e1 praticamente perdido.<\/p>\n<p>&nbsp;<\/p>\n<p><strong>C\u00e9ticos<\/strong><\/p>\n<p>&nbsp;<\/p>\n<p>H\u00e1, por\u00e9m, os c\u00e9ticos, que veem pouco espa\u00e7o para atua\u00e7\u00e3o dos bancos centrais, uma vez que, em boa parte das economias desenvolvidas, os juros j\u00e1 est\u00e3o negativos. \u00c9 preciso, no entender desses pessimistas, que os governos mostrem capacidade real de enfrentar a Covid-19.<\/p>\n<p>&nbsp;<\/p>\n<p>As pr\u00f3ximas semanas ser\u00e3o cruciais para ver at\u00e9 que ponto o mundo est\u00e1 preparado para superar o coronav\u00edrus. Ainda h\u00e1 muitas d\u00favidas sobre o impacto do v\u00edrus, que atingiu em cheio a It\u00e1lia e a Coreia do Sul e est\u00e1 praticamente em todo o mundo.<\/p>\n<p>&nbsp;<\/p>\n<p>Os analistas acreditam que, no Brasil, o governo vem conseguindo mostrar bom trabalho no enfrentamento do novo coronav\u00edrus. E t\u00eam confian\u00e7a de que o Banco Central tamb\u00e9m poder\u00e1 seguir o Federal Reserve caso perceba que a economia brasileira est\u00e1 afundando.<\/p>\n<p>&nbsp;<\/p>\n<p>Vamos ver o restante do dia no mercado para ver at\u00e9 que ponto os investidores v\u00e3o digerir a a\u00e7\u00e3o do Fed e dos demais bancos centrais do mundo. O que ningu\u00e9m espera \u00e9 ina\u00e7\u00e3o ante \u00e0 emerg\u00eancia que se\u00a0 colocou no caminho de todos.<\/p>\n<p>&nbsp;<\/p>\n<p><em>Bras\u00edlia, 12h11min<\/em><\/p>\n","protected":false},"excerpt":{"rendered":"<p>T\u00e3o logo o Federal Reserve (Fed) anunciou corte de 0,5 ponto percentual na taxa b\u00e1sica de juros dos Estados Unidos para enfrentar os efeitos econ\u00f4micos do novo coranav\u00edrus, as bolsas de valores de todo o mundo dispararam. No Brasil, o Ibovespa, principal \u00edndice de lucratividade da Bolsa de S\u00e3o Paulo, saltou mais de 1%. O [&hellip;]<\/p>\n","protected":false},"author":22,"featured_media":11588,"comment_status":"open","ping_status":"closed","sticky":false,"template":"","format":"standard","meta":{"footnotes":""},"categories":[600],"tags":[2393,4419,343,589,622,31],"class_list":["post-13108","post","type-post","status-publish","format-standard","has-post-thumbnail","hentry","category-economia","tag-bolsa","tag-coronavirus","tag-dolar","tag-economia","tag-mundo","tag-recessao"],"_links":{"self":[{"href":"https:\/\/blogs.correiobraziliense.com.br\/vicente\/wp-json\/wp\/v2\/posts\/13108","targetHints":{"allow":["GET"]}}],"collection":[{"href":"https:\/\/blogs.correiobraziliense.com.br\/vicente\/wp-json\/wp\/v2\/posts"}],"about":[{"href":"https:\/\/blogs.correiobraziliense.com.br\/vicente\/wp-json\/wp\/v2\/types\/post"}],"author":[{"embeddable":true,"href":"https:\/\/blogs.correiobraziliense.com.br\/vicente\/wp-json\/wp\/v2\/users\/22"}],"replies":[{"embeddable":true,"href":"https:\/\/blogs.correiobraziliense.com.br\/vicente\/wp-json\/wp\/v2\/comments?post=13108"}],"version-history":[{"count":1,"href":"https:\/\/blogs.correiobraziliense.com.br\/vicente\/wp-json\/wp\/v2\/posts\/13108\/revisions"}],"predecessor-version":[{"id":13111,"href":"https:\/\/blogs.correiobraziliense.com.br\/vicente\/wp-json\/wp\/v2\/posts\/13108\/revisions\/13111"}],"wp:featuredmedia":[{"embeddable":true,"href":"https:\/\/blogs.correiobraziliense.com.br\/vicente\/wp-json\/wp\/v2\/media\/11588"}],"wp:attachment":[{"href":"https:\/\/blogs.correiobraziliense.com.br\/vicente\/wp-json\/wp\/v2\/media?parent=13108"}],"wp:term":[{"taxonomy":"category","embeddable":true,"href":"https:\/\/blogs.correiobraziliense.com.br\/vicente\/wp-json\/wp\/v2\/categories?post=13108"},{"taxonomy":"post_tag","embeddable":true,"href":"https:\/\/blogs.correiobraziliense.com.br\/vicente\/wp-json\/wp\/v2\/tags?post=13108"}],"curies":[{"name":"wp","href":"https:\/\/api.w.org\/{rel}","templated":true}]}}