{"id":13099,"date":"2020-03-03T11:52:28","date_gmt":"2020-03-03T14:52:28","guid":{"rendered":"https:\/\/blogs.correiobraziliense.com.br\/vicente\/?p=13099"},"modified":"2020-03-03T21:08:03","modified_gmt":"2020-03-04T00:08:03","slug":"banco-central-dos-eua-corta-juros-em-05-ponto-por-causa-do-coronavirus","status":"publish","type":"post","link":"https:\/\/blogs.correiobraziliense.com.br\/vicente\/banco-central-dos-eua-corta-juros-em-05-ponto-por-causa-do-coronavirus\/","title":{"rendered":"Banco Central dos EUA corta juros em 0,5 ponto por causa do coronav\u00edrus"},"content":{"rendered":"<p>O Federal Reserve (Fed), Banco Central dos Estados Unidos, cortou nesta ter\u00e7a-feira (03\/03) a taxa b\u00e1sica de juros em 0,5 ponto percentual para tentar conter a desacelera\u00e7\u00e3o da economia por causa do coronav\u00edrus. H\u00e1 um temor de recess\u00e3o generalizada no mundo. Os juros baixaram de\u00a01,50% e 1,75% para 1% e 1,25% ao ano.<\/p>\n<p>&nbsp;<\/p>\n<p>O an\u00fancio do Fed veio depois de uma reuni\u00e3o dos\u00a0ministros de Finan\u00e7as e de presidentes de bancos centrais do G7, grupo que re\u00fane as sete economias mais industrializadas do mundo. O Fundo Monet\u00e1rio Internacional (FMI e o Banco Mundial dizem que est\u00e3o prontos para ajudar os pa\u00edses atingidos pela epidemia do coronav\u00edrus a lidar com esse \u201cdesafio\u201d.<\/p>\n<p>&nbsp;<\/p>\n<p>A expectativa \u00e9 de que os principais banco centrais do mundo sigam na dire\u00e7\u00e3o do Federal Reserve, dados os sinais que a economia mundial est\u00e1 se desacelerando muito r\u00e1pido. Os indicadores da ind\u00fastria de v\u00e1rios pa\u00edses, sobretudo da China, onde come\u00e7ou a propaga\u00e7\u00e3o do novo coronav\u00edrus, mostraram um baque na produ\u00e7\u00e3o.<\/p>\n<p>&nbsp;<\/p>\n<p><strong>BC do Brasil<\/strong><\/p>\n<p>&nbsp;<\/p>\n<p>A grande pergunta \u00e9 se o Banco Central brasileiro acompanhar\u00e1 o Fed. Na \u00faltima ata do Comit\u00ea de Pol\u00edtica Monet\u00e1ria (Copom), o BC deixou claro que o processo de corte de juros havia chegado ao fim. A taxa b\u00e1sica (Selic) est\u00e1 em 4,25% ao ano, o menor n\u00edvel da hist\u00f3ria.<\/p>\n<p>&nbsp;<\/p>\n<p>Antes da decis\u00e3o do Fed, 40% dos analistas de mercado j\u00e1 apostavam que o BC brasileiro voltaria a cortar os juros na reuni\u00e3o deste m\u00eas. Agora, \u00e9 poss\u00edvel que essa aposta passe a ser majorit\u00e1ria, uma vez que a economia brasileira est\u00e1 sendo v\u00edtima da desacelera\u00e7\u00e3o mundial.<\/p>\n<p>&nbsp;<\/p>\n<p>Na verdade, o Produto Interno Bruto (PIB) do Brasil vem perdendo for\u00e7a desde o fim de 2019. Inclusive, o mercado est\u00e1 de olho no resultado do PIB do \u00faltimo trimestre do ano passado, que sair\u00e1 nesta quarta-feira (04\/03). Para 2020, as previs\u00f5es de crescimento come\u00e7aram entre 2,5% e 3%, agora, j\u00e1 se fala em algo entre 1,4% e 2%, na melhor das hip\u00f3teses.<\/p>\n<p>&nbsp;<\/p>\n<p><em>Bras\u00edlia, 11h52min<\/em><\/p>\n","protected":false},"excerpt":{"rendered":"<p>O Federal Reserve (Fed), Banco Central dos Estados Unidos, cortou nesta ter\u00e7a-feira (03\/03) a taxa b\u00e1sica de juros em 0,5 ponto percentual para tentar conter a desacelera\u00e7\u00e3o da economia por causa do coronav\u00edrus. H\u00e1 um temor de recess\u00e3o generalizada no mundo. Os juros baixaram de\u00a01,50% e 1,75% para 1% e 1,25% ao ano. &nbsp; O [&hellip;]<\/p>\n","protected":false},"author":22,"featured_media":10314,"comment_status":"open","ping_status":"closed","sticky":false,"template":"","format":"standard","meta":{"footnotes":""},"categories":[600],"tags":[3,4419,363,1103,4,31],"class_list":["post-13099","post","type-post","status-publish","format-standard","has-post-thumbnail","hentry","category-economia","tag-banco-central","tag-coronavirus","tag-estados-unidos","tag-fed","tag-juros","tag-recessao"],"_links":{"self":[{"href":"https:\/\/blogs.correiobraziliense.com.br\/vicente\/wp-json\/wp\/v2\/posts\/13099","targetHints":{"allow":["GET"]}}],"collection":[{"href":"https:\/\/blogs.correiobraziliense.com.br\/vicente\/wp-json\/wp\/v2\/posts"}],"about":[{"href":"https:\/\/blogs.correiobraziliense.com.br\/vicente\/wp-json\/wp\/v2\/types\/post"}],"author":[{"embeddable":true,"href":"https:\/\/blogs.correiobraziliense.com.br\/vicente\/wp-json\/wp\/v2\/users\/22"}],"replies":[{"embeddable":true,"href":"https:\/\/blogs.correiobraziliense.com.br\/vicente\/wp-json\/wp\/v2\/comments?post=13099"}],"version-history":[{"count":7,"href":"https:\/\/blogs.correiobraziliense.com.br\/vicente\/wp-json\/wp\/v2\/posts\/13099\/revisions"}],"predecessor-version":[{"id":13114,"href":"https:\/\/blogs.correiobraziliense.com.br\/vicente\/wp-json\/wp\/v2\/posts\/13099\/revisions\/13114"}],"wp:featuredmedia":[{"embeddable":true,"href":"https:\/\/blogs.correiobraziliense.com.br\/vicente\/wp-json\/wp\/v2\/media\/10314"}],"wp:attachment":[{"href":"https:\/\/blogs.correiobraziliense.com.br\/vicente\/wp-json\/wp\/v2\/media?parent=13099"}],"wp:term":[{"taxonomy":"category","embeddable":true,"href":"https:\/\/blogs.correiobraziliense.com.br\/vicente\/wp-json\/wp\/v2\/categories?post=13099"},{"taxonomy":"post_tag","embeddable":true,"href":"https:\/\/blogs.correiobraziliense.com.br\/vicente\/wp-json\/wp\/v2\/tags?post=13099"}],"curies":[{"name":"wp","href":"https:\/\/api.w.org\/{rel}","templated":true}]}}