{"id":13097,"date":"2020-03-02T19:47:20","date_gmt":"2020-03-02T22:47:20","guid":{"rendered":"https:\/\/blogs.correiobraziliense.com.br\/vicente\/?p=13097"},"modified":"2020-03-02T19:47:53","modified_gmt":"2020-03-02T22:47:53","slug":"concorrentes-se-armam-para-enfrentar-magazine-luiza","status":"publish","type":"post","link":"https:\/\/blogs.correiobraziliense.com.br\/vicente\/concorrentes-se-armam-para-enfrentar-magazine-luiza\/","title":{"rendered":"Concorrentes se armam para enfrentar Magazine Luiza"},"content":{"rendered":"<h2>A chegada do Magazine Luiza no Distrito Federal est\u00e1 provocando um reboli\u00e7o entre as principais redes de varejo que atuam na regi\u00e3o. Temem perder mercado num momento em que as vendas est\u00e3o fracas. <a href=\"https:\/\/blogs.correiobraziliense.com.br\/vicente\/magazine-luiza-abrira-15-lojas-no-df-e-contratara-600-pessoas\/\">O grupo paulista abrir\u00e1 15 lojas no DF e contratar\u00e1 600 pessoas.<\/a><\/h2>\n<p>&nbsp;<\/p>\n<p>A disposi\u00e7\u00e3o demonstrada pelo Magazine Luiza \u00e9 tamanha, segundo varejistas, que a empresa conseguiu desalojar a tradicional loja de cal\u00e7ados Poli\u00e8lle de um dos pontos mais nobres do Shopping Conjunto Nacional, no centro de Bras\u00edlia. Para isso, pagou luvas de R$ 3 milh\u00f5es.<\/p>\n<p>&nbsp;<\/p>\n<p>A movimenta\u00e7\u00e3o entre Casas Bahia, Ricardo Eletro e Novo Mundo, as principais redes de varejo, est\u00e1 enorme. Tentam mapear como ser\u00e1 a chegada do Magazine Luiza no Distrito Federal. A ordem \u00e9 cobrir todas as propostas. Tamb\u00e9m est\u00e3o sendo fechados acordos com fornecedores para lan\u00e7arem promo\u00e7\u00f5es.<\/p>\n<p>&nbsp;<\/p>\n<p><strong>Credi\u00e1rio<\/strong><\/p>\n<p>&nbsp;<\/p>\n<p>Uma das estrat\u00e9gias ser\u00e1 a de ampliar ao m\u00e1ximo os prazos de pagamento dos produtos, de forma que as presta\u00e7\u00f5es possam caber no apertado or\u00e7amento das fam\u00edlias. Fala-se em prazos de financiamento de at\u00e9 60 meses. A ideia tamb\u00e9m \u00e9 oferecer facilidades maiores nos cart\u00f5es de cr\u00e9dito das pr\u00f3prias lojas.<\/p>\n<p>&nbsp;<\/p>\n<p>&#8220;Vai ser uma guerra, mas estamos prontos para ir ao ataque&#8221;, diz o diretor regional de uma das redes de varejo que vem refor\u00e7ando a estrutura no Distrito Federal. &#8220;Esse mercado j\u00e1 \u00e9 muito competitivo. Quanto mais ousado voc\u00ea for, maiores s\u00e3o as chances de sobreviv\u00eancia&#8221;, acrescenta.<\/p>\n<p>&nbsp;<\/p>\n<p>De uma s\u00f3 tacada, o Magazine Luiza abrir\u00e1 nove lojas. A ideia \u00e9 que elas estejam em funcionamento at\u00e9 21 de abril, quando Bras\u00edlia completar\u00e1 60 anos. Os outros seis pontos devem ser inaugurados de dois a tr\u00eas meses depois.<\/p>\n<p>&nbsp;<\/p>\n<p>A empresa est\u00e1 acelerando o processo de contrata\u00e7\u00e3o. Quem quiser concorrer a uma das vagas, pode se inscrever pelos links abaixo:<\/p>\n<p>&nbsp;<\/p>\n<p><a href=\"http:\/\/carreiras.magazineluiza.com.br\/brazlandia\">carreiras.magazineluiza.com.br\/brazlandia<\/a><\/p>\n<p><a href=\"http:\/\/carreiras.magazineluiza.com.br\/recantodasemas\">carreiras.magazineluiza.com.br\/recantodasemas<\/a><\/p>\n<p><a href=\"http:\/\/carreiras.magazineluiza.com.br\/taguatinga.avenida\">carreiras.magazineluiza.com.br\/taguatinga.avenida<\/a><\/p>\n<p><a href=\"http:\/\/carreiras.magazineluiza.com.br\/planaltina\">carreiras.magazineluiza.com.br\/planaltina<\/a><\/p>\n<p><a href=\"http:\/\/carreiras.magazineluiza.com.br\/nucleobandeirante\">carreiras.magazineluiza.com.br\/nucleobandeirante<\/a><\/p>\n<p><a href=\"http:\/\/carreiras.magazineluiza.com.br\/taguatinga\">carreiras.magazineluiza.com.br\/taguatinga<\/a><\/p>\n<p><a href=\"http:\/\/carreiras.magazineluiza.com.br\/samambaia\">carreiras.magazineluiza.com.br\/samambaia<\/a><\/p>\n<p><a href=\"http:\/\/carreiras.magazineluiza.com.br\/taguatinga.centro\">carreiras.magazineluiza.com.br\/taguatinga.centro<\/a><\/p>\n<p><a href=\"http:\/\/carreiras.magazineluiza.com.br\/brasilia\">carreiras.magazineluiza.com.br\/brasilia<\/a><\/p>\n<p>&nbsp;<\/p>\n<p>Bras\u00edlia, 19h03min<\/p>\n","protected":false},"excerpt":{"rendered":"<p>A chegada do Magazine Luiza no Distrito Federal est\u00e1 provocando um reboli\u00e7o entre as principais redes de varejo que atuam na regi\u00e3o. Temem perder mercado num momento em que as vendas est\u00e3o fracas. O grupo paulista abrir\u00e1 15 lojas no DF e contratar\u00e1 600 pessoas. &nbsp; A disposi\u00e7\u00e3o demonstrada pelo Magazine Luiza \u00e9 tamanha, segundo [&hellip;]<\/p>\n","protected":false},"author":22,"featured_media":13023,"comment_status":"open","ping_status":"closed","sticky":false,"template":"","format":"standard","meta":{"footnotes":""},"categories":[600],"tags":[4461,2841,755,2400,4460,4459,2401],"class_list":["post-13097","post","type-post","status-publish","format-standard","has-post-thumbnail","hentry","category-economia","tag-abertura","tag-contratacao","tag-distrito-federal","tag-empregos","tag-lojas","tag-magazine-luiza","tag-vagas"],"_links":{"self":[{"href":"https:\/\/blogs.correiobraziliense.com.br\/vicente\/wp-json\/wp\/v2\/posts\/13097","targetHints":{"allow":["GET"]}}],"collection":[{"href":"https:\/\/blogs.correiobraziliense.com.br\/vicente\/wp-json\/wp\/v2\/posts"}],"about":[{"href":"https:\/\/blogs.correiobraziliense.com.br\/vicente\/wp-json\/wp\/v2\/types\/post"}],"author":[{"embeddable":true,"href":"https:\/\/blogs.correiobraziliense.com.br\/vicente\/wp-json\/wp\/v2\/users\/22"}],"replies":[{"embeddable":true,"href":"https:\/\/blogs.correiobraziliense.com.br\/vicente\/wp-json\/wp\/v2\/comments?post=13097"}],"version-history":[{"count":1,"href":"https:\/\/blogs.correiobraziliense.com.br\/vicente\/wp-json\/wp\/v2\/posts\/13097\/revisions"}],"predecessor-version":[{"id":13098,"href":"https:\/\/blogs.correiobraziliense.com.br\/vicente\/wp-json\/wp\/v2\/posts\/13097\/revisions\/13098"}],"wp:featuredmedia":[{"embeddable":true,"href":"https:\/\/blogs.correiobraziliense.com.br\/vicente\/wp-json\/wp\/v2\/media\/13023"}],"wp:attachment":[{"href":"https:\/\/blogs.correiobraziliense.com.br\/vicente\/wp-json\/wp\/v2\/media?parent=13097"}],"wp:term":[{"taxonomy":"category","embeddable":true,"href":"https:\/\/blogs.correiobraziliense.com.br\/vicente\/wp-json\/wp\/v2\/categories?post=13097"},{"taxonomy":"post_tag","embeddable":true,"href":"https:\/\/blogs.correiobraziliense.com.br\/vicente\/wp-json\/wp\/v2\/tags?post=13097"}],"curies":[{"name":"wp","href":"https:\/\/api.w.org\/{rel}","templated":true}]}}