{"id":13087,"date":"2020-03-02T12:59:04","date_gmt":"2020-03-02T15:59:04","guid":{"rendered":"https:\/\/blogs.correiobraziliense.com.br\/vicente\/?p=13087"},"modified":"2020-03-02T16:28:43","modified_gmt":"2020-03-02T19:28:43","slug":"filas-do-inss-so-vao-diminuir-em-2021-na-melhor-das-hipoteses","status":"publish","type":"post","link":"https:\/\/blogs.correiobraziliense.com.br\/vicente\/filas-do-inss-so-vao-diminuir-em-2021-na-melhor-das-hipoteses\/","title":{"rendered":"Filas do INSS s\u00f3 v\u00e3o diminuir em 2021, na melhor das hip\u00f3teses"},"content":{"rendered":"<h2>O governo editou nesta segunda-feira (02\/03) uma medida provis\u00f3ria que permite a contrata\u00e7\u00e3o de 8 mil servidores aposentados e militares da reserva pelo Instituto Nacional do Seguro Social (INSS). O objetivo \u00e9 refor\u00e7ar o atendimento nas ag\u00eancias para tentar reduzir as filas de pedidos de benef\u00edcios ao \u00f3rg\u00e3o.<\/h2>\n<p>&nbsp;<\/p>\n<p>Servidores que avaliaram a MP e conhecem em detalhes o funcionamento do INSS garantem que, mesmo que as contrata\u00e7\u00f5es tempor\u00e1rias aconte\u00e7am, a fila de espera de mais de 1,3 milh\u00e3o de pedidos de aposentadorias e outros benef\u00edcios s\u00f3 ser\u00e1 normalizada em 2021, na melhor das hip\u00f3teses.<\/p>\n<p>&nbsp;<\/p>\n<p>Esses servidores listam uma s\u00e9rie de fatores para o ceticismo. Primeiro: a medida provis\u00f3ria chegou com quase dois meses de atraso \u2014 foi anunciada em janeiro pelo presidente Jair Bolsonaro. Depois, a necessidade de libera\u00e7\u00e3o de um edital para a contrata\u00e7\u00e3o dos servidores aposentados e dos militares.<\/p>\n<p>&nbsp;<\/p>\n<p>Passado esse processo, todos ter\u00e3o que ser treinados para prestar servi\u00e7os de forma adequada. Somente esses cursos de prepara\u00e7\u00e3o devem durar dois meses. At\u00e9 que se ambientem com o trabalho, ser\u00e1 preciso mais um m\u00eas.<\/p>\n<p>&nbsp;<\/p>\n<p>Ou seja, efetivamente, a fila de espera por servi\u00e7os do INSS s\u00f3 come\u00e7ar\u00e1 a andar no segundo semestre do ano. Mesmo que a for\u00e7a-tarefa d\u00ea o seu melhor, as an\u00e1lises de processos levam tempo. Ent\u00e3o, que ningu\u00e9m espere ver seu problema resolvido brevemente. Os mais prejudicados s\u00e3o os mais pobres.<\/p>\n<p>&nbsp;<\/p>\n<p><strong>M\u00e1 vontade<\/strong><\/p>\n<p>&nbsp;<\/p>\n<p>T\u00e9cnicos do governo afirmam que \u00e9 poss\u00edvel pular algumas etapas e ser mais eficiente na presta\u00e7\u00e3o de servi\u00e7os. &#8220;Basta querer&#8221;, diz um integrante do Minist\u00e9rio da Economia. No INSS, os mais c\u00e9ticos afirmam n\u00e3o se tratar de m\u00e1 vontade. O descaso com o INSS vem de longe.<\/p>\n<p>&nbsp;<\/p>\n<p>Segundo servidores do INSS, a\u00a0demora para a an\u00e1lise dos pedidos est\u00e1 ligada \u00e0 redu\u00e7\u00e3o do n\u00famero de funcion\u00e1rios do \u00f3rg\u00e3o, que caiu de 32,3 mil, em 2017, para 23 mil no ano passado. &#8220;N\u00e3o ser\u00e1 uma medida emergencial que resolver\u00e1 tudo. Ser\u00e1 preciso muita paci\u00eancia&#8221;, frisa um funcion\u00e1rio do instituto.<\/p>\n<p>&nbsp;<\/p>\n<p>As novas regras estabelecidas pela MP entram em vigor imediatamente, mas precisam do aval do Congresso em at\u00e9 120 dias para se tornarem lei. O governo acredita que n\u00e3o ter\u00e1 problemas para aprovar a MP, por se tratar de medida de interesse p\u00fablico.<\/p>\n<p>&nbsp;<\/p>\n<p><em>Bras\u00edlia, 12h59min<\/em><\/p>\n","protected":false},"excerpt":{"rendered":"<p>O governo editou nesta segunda-feira (02\/03) uma medida provis\u00f3ria que permite a contrata\u00e7\u00e3o de 8 mil servidores aposentados e militares da reserva pelo Instituto Nacional do Seguro Social (INSS). O objetivo \u00e9 refor\u00e7ar o atendimento nas ag\u00eancias para tentar reduzir as filas de pedidos de benef\u00edcios ao \u00f3rg\u00e3o. &nbsp; Servidores que avaliaram a MP e [&hellip;]<\/p>\n","protected":false},"author":22,"featured_media":9949,"comment_status":"open","ping_status":"closed","sticky":false,"template":"","format":"standard","meta":{"footnotes":""},"categories":[600],"tags":[4466,410,3384,408,769,2382,123],"class_list":["post-13087","post","type-post","status-publish","format-standard","has-post-thumbnail","hentry","category-economia","tag-4466","tag-aposentados","tag-filas","tag-inss","tag-militares","tag-mp","tag-servidores"],"_links":{"self":[{"href":"https:\/\/blogs.correiobraziliense.com.br\/vicente\/wp-json\/wp\/v2\/posts\/13087","targetHints":{"allow":["GET"]}}],"collection":[{"href":"https:\/\/blogs.correiobraziliense.com.br\/vicente\/wp-json\/wp\/v2\/posts"}],"about":[{"href":"https:\/\/blogs.correiobraziliense.com.br\/vicente\/wp-json\/wp\/v2\/types\/post"}],"author":[{"embeddable":true,"href":"https:\/\/blogs.correiobraziliense.com.br\/vicente\/wp-json\/wp\/v2\/users\/22"}],"replies":[{"embeddable":true,"href":"https:\/\/blogs.correiobraziliense.com.br\/vicente\/wp-json\/wp\/v2\/comments?post=13087"}],"version-history":[{"count":2,"href":"https:\/\/blogs.correiobraziliense.com.br\/vicente\/wp-json\/wp\/v2\/posts\/13087\/revisions"}],"predecessor-version":[{"id":13089,"href":"https:\/\/blogs.correiobraziliense.com.br\/vicente\/wp-json\/wp\/v2\/posts\/13087\/revisions\/13089"}],"wp:featuredmedia":[{"embeddable":true,"href":"https:\/\/blogs.correiobraziliense.com.br\/vicente\/wp-json\/wp\/v2\/media\/9949"}],"wp:attachment":[{"href":"https:\/\/blogs.correiobraziliense.com.br\/vicente\/wp-json\/wp\/v2\/media?parent=13087"}],"wp:term":[{"taxonomy":"category","embeddable":true,"href":"https:\/\/blogs.correiobraziliense.com.br\/vicente\/wp-json\/wp\/v2\/categories?post=13087"},{"taxonomy":"post_tag","embeddable":true,"href":"https:\/\/blogs.correiobraziliense.com.br\/vicente\/wp-json\/wp\/v2\/tags?post=13087"}],"curies":[{"name":"wp","href":"https:\/\/api.w.org\/{rel}","templated":true}]}}