{"id":13070,"date":"2020-02-28T12:18:49","date_gmt":"2020-02-28T15:18:49","guid":{"rendered":"https:\/\/blogs.correiobraziliense.com.br\/vicente\/?p=13070"},"modified":"2020-02-28T14:21:03","modified_gmt":"2020-02-28T17:21:03","slug":"magazine-luiza-abrira-15-lojas-no-df-e-contratara-600-pessoas","status":"publish","type":"post","link":"https:\/\/blogs.correiobraziliense.com.br\/vicente\/magazine-luiza-abrira-15-lojas-no-df-e-contratara-600-pessoas\/","title":{"rendered":"Magazine Luiza abrir\u00e1 15 lojas no DF e contratar\u00e1 600 pessoas"},"content":{"rendered":"<h2>No dia em que o Instituto Brasileiro de Geografia e Estat\u00edstica (IBGE) informou que o Brasil tem 11,9 milh\u00f5es de desempregados, sendo mais de 300 mil no Distrito Federal, uma boa not\u00edcia: o Magazine Luiza abrir\u00e1 15 lojas na capital do pa\u00eds e contratar\u00e1 pelo menos 600 pessoas.<\/h2>\n<p>&nbsp;<\/p>\n<p>Pelos planos da empresa, que pretende fazer hist\u00f3ria na sua chegada a Bras\u00edlia, que completa 60 anos, ser\u00e3o abertas, no mesmo dia, nove lojas, que contratar\u00e3o 400 pessoas. Na segunda etapa, ser\u00e3o mais seis lojas e 200 vagas para vendedor, assistente de vendas, estoquista e montador.<\/p>\n<p>&nbsp;<\/p>\n<p>As vagas abertas pelo Magazine Luiza s\u00e3o para as cidades de Brazl\u00e2ndia, Recanto das Emas, Taguatinga, Planaltina DF, N\u00facleo Bandeirante, Samambaia e Bras\u00edlia. Aqueles que quiserem concorrer \u00e0s oportunidades poder\u00e3o acessar os seguintes links para cadastro de\u00a0curr\u00edculos:<\/p>\n<p><a href=\"http:\/\/carreiras.magazineluiza.com.br\/brazlandia\">carreiras.magazineluiza.com.br\/brazlandia<\/a><\/p>\n<p><a href=\"http:\/\/carreiras.magazineluiza.com.br\/recantodasemas\">carreiras.magazineluiza.com.br\/recantodasemas<\/a><\/p>\n<p><a href=\"http:\/\/carreiras.magazineluiza.com.br\/taguatinga.avenida\">carreiras.magazineluiza.com.br\/taguatinga.avenida<\/a><\/p>\n<p><a href=\"http:\/\/carreiras.magazineluiza.com.br\/planaltina\">carreiras.magazineluiza.com.br\/planaltina<\/a><\/p>\n<p><a href=\"http:\/\/carreiras.magazineluiza.com.br\/nucleobandeirante\">carreiras.magazineluiza.com.br\/nucleobandeirante<\/a><\/p>\n<p><a href=\"http:\/\/carreiras.magazineluiza.com.br\/taguatinga\">carreiras.magazineluiza.com.br\/taguatinga<\/a><\/p>\n<p><a href=\"http:\/\/carreiras.magazineluiza.com.br\/samambaia\">carreiras.magazineluiza.com.br\/samambaia<\/a><\/p>\n<p><a href=\"http:\/\/carreiras.magazineluiza.com.br\/taguatinga.centro\">carreiras.magazineluiza.com.br\/taguatinga.centro<\/a><\/p>\n<p><a href=\"http:\/\/carreiras.magazineluiza.com.br\/brasilia\">carreiras.magazineluiza.com.br\/brasilia<\/a><\/p>\n<p>&nbsp;<\/p>\n<p>A expans\u00e3o do Magazine Luiza tem sido veloz nos \u00faltimos tempos. Somente em 2019, a empresa abriu 159 lojas, sendo 34 na Regi\u00e3o Sul, 29 no Sudeste, 28 no Centro Oeste, 19 no Nordeste e 49 no Norte. Esse movimento foi fundamental para a melhora dos resultados da companhia.<\/p>\n<p>&nbsp;<\/p>\n<p>No ano passado, o\u00a0Magazine Luiza registrou lucro l\u00edquido de R$ 921,8 milh\u00f5es, resultado 54,3% maior que o contabilizado no ano anterior. A empresa disputa hoje a lideran\u00e7a do mercado de varejo. Tanto que, al\u00e9m da abertura de lojas, tem feito importantes aquisi\u00e7\u00f5es, como foi o caso do aplicativo Netshoes.<\/p>\n<p>&nbsp;<\/p>\n<p>Para o setor de varejo, por\u00e9m, \u00e9 importante que a economia deslanche. O ano come\u00e7ou com perspectivas de desacelera\u00e7\u00e3o da economia, que deve se acentuar agora diante do surto de coronav\u00edrus, um tormento para todo o mundo.<\/p>\n<p>&nbsp;<\/p>\n<p>Se o desemprego voltar a crescer, o consumo das fam\u00edlias ceder\u00e1. A boa not\u00edcia \u00e9 que os juros no cr\u00e9dito direto ao consumidor vem caindo, mesmo que lentamente. Isso faz com que as presta\u00e7\u00f5es caibam no or\u00e7amento dos trabalhadores.<\/p>\n<p>&nbsp;<\/p>\n<p><em>Bras\u00edlia, 12h18min<\/em><\/p>\n","protected":false},"excerpt":{"rendered":"<p>No dia em que o Instituto Brasileiro de Geografia e Estat\u00edstica (IBGE) informou que o Brasil tem 11,9 milh\u00f5es de desempregados, sendo mais de 300 mil no Distrito Federal, uma boa not\u00edcia: o Magazine Luiza abrir\u00e1 15 lojas na capital do pa\u00eds e contratar\u00e1 pelo menos 600 pessoas. &nbsp; Pelos planos da empresa, que pretende [&hellip;]<\/p>\n","protected":false},"author":22,"featured_media":11548,"comment_status":"open","ping_status":"closed","sticky":false,"template":"","format":"standard","meta":{"footnotes":""},"categories":[600],"tags":[4461,755,2400,4460,4459,2401],"class_list":["post-13070","post","type-post","status-publish","format-standard","has-post-thumbnail","hentry","category-economia","tag-abertura","tag-distrito-federal","tag-empregos","tag-lojas","tag-magazine-luiza","tag-vagas"],"_links":{"self":[{"href":"https:\/\/blogs.correiobraziliense.com.br\/vicente\/wp-json\/wp\/v2\/posts\/13070","targetHints":{"allow":["GET"]}}],"collection":[{"href":"https:\/\/blogs.correiobraziliense.com.br\/vicente\/wp-json\/wp\/v2\/posts"}],"about":[{"href":"https:\/\/blogs.correiobraziliense.com.br\/vicente\/wp-json\/wp\/v2\/types\/post"}],"author":[{"embeddable":true,"href":"https:\/\/blogs.correiobraziliense.com.br\/vicente\/wp-json\/wp\/v2\/users\/22"}],"replies":[{"embeddable":true,"href":"https:\/\/blogs.correiobraziliense.com.br\/vicente\/wp-json\/wp\/v2\/comments?post=13070"}],"version-history":[{"count":2,"href":"https:\/\/blogs.correiobraziliense.com.br\/vicente\/wp-json\/wp\/v2\/posts\/13070\/revisions"}],"predecessor-version":[{"id":13074,"href":"https:\/\/blogs.correiobraziliense.com.br\/vicente\/wp-json\/wp\/v2\/posts\/13070\/revisions\/13074"}],"wp:featuredmedia":[{"embeddable":true,"href":"https:\/\/blogs.correiobraziliense.com.br\/vicente\/wp-json\/wp\/v2\/media\/11548"}],"wp:attachment":[{"href":"https:\/\/blogs.correiobraziliense.com.br\/vicente\/wp-json\/wp\/v2\/media?parent=13070"}],"wp:term":[{"taxonomy":"category","embeddable":true,"href":"https:\/\/blogs.correiobraziliense.com.br\/vicente\/wp-json\/wp\/v2\/categories?post=13070"},{"taxonomy":"post_tag","embeddable":true,"href":"https:\/\/blogs.correiobraziliense.com.br\/vicente\/wp-json\/wp\/v2\/tags?post=13070"}],"curies":[{"name":"wp","href":"https:\/\/api.w.org\/{rel}","templated":true}]}}