{"id":13067,"date":"2020-02-28T09:55:08","date_gmt":"2020-02-28T12:55:08","guid":{"rendered":"https:\/\/blogs.correiobraziliense.com.br\/vicente\/?p=13067"},"modified":"2020-02-28T13:18:22","modified_gmt":"2020-02-28T16:18:22","slug":"dolar-a-r-5-o-limite-de-jair-bolsonaro","status":"publish","type":"post","link":"https:\/\/blogs.correiobraziliense.com.br\/vicente\/dolar-a-r-5-o-limite-de-jair-bolsonaro\/","title":{"rendered":"D\u00f3lar a R$ 5, o limite de Jair Bolsonaro"},"content":{"rendered":"<h2>T\u00e9cnicos da equipe econ\u00f4mica est\u00e3o se perguntando qual \u00e9 o limite do presidente Jair Bolsonaro em rela\u00e7\u00e3o ao d\u00f3lar. Quem trabalha no Pal\u00e1cio do Planalto tem a resposta na ponta da l\u00edngua: cota\u00e7\u00e3o a R$ 5.<\/h2>\n<p>&nbsp;<\/p>\n<p>Desde que os pre\u00e7os da moeda norte-americana come\u00e7aram a subir com for\u00e7a, Bolsonaro tem mostrado um certo desconforto, sobretudo pela forte cobran\u00e7a que vem sofrendo de seus eleitores nas redes sociais. O d\u00f3lar j\u00e1 vem sendo vendido acima de R$ 4,50.<\/p>\n<p>&nbsp;<\/p>\n<p>N\u00e3o por acaso, diariamente, o presidente tem conversado com o ministro da Economia, Paulo Guedes, e o presidente do Banco Central, Roberto Campos Neto, sobre os impacto da valoriza\u00e7\u00e3o do d\u00f3lar na economia brasileira.<\/p>\n<p>&nbsp;<\/p>\n<p>Ainda que Guedes argumente que, do ponto de vista do com\u00e9rcio exterior, o d\u00f3lar mais caro \u00e9 bom, pois aumenta a competitividade das exporta\u00e7\u00f5es brasileiras, o presidente ressalta que, politicamente, pode ser um desastre para o governo, sobretudo porque n\u00e3o h\u00e1 uma boa comunica\u00e7\u00e3o nesse sentido.<\/p>\n<p>&nbsp;<\/p>\n<p><strong>Arsenal<\/strong><\/p>\n<p>&nbsp;<\/p>\n<p>Do presidente do BC, Bolsonaro tem ouvido que o atual movimento de disparada do d\u00f3lar decorre de muitas incertezas quanto aos rumos da economia global por causa do coronav\u00edrus e que, mais \u00e0 frente, os pre\u00e7os da moeda v\u00e3o se acomodar.<\/p>\n<p>&nbsp;<\/p>\n<p>Campos Neto tamb\u00e9m destaca ao presidente da Rep\u00fablica que o Banco Central tem instrumentos de sobra para conter qualquer disfuncionalidade do mercado de c\u00e2mbio. O BC, por sinal, j\u00e1 est\u00e1 usando seu arsenal, mas, se necess\u00e1rio, pode recorrer \u00e0 venda de d\u00f3lar no mercado \u00e0 vista.<\/p>\n<p>&nbsp;<\/p>\n<p>A interlocutores do Planalto, Bolsonaro n\u00e3o esconde sua preocupa\u00e7\u00e3o. Ele acredita que um d\u00f3lar a R$ 5 ser\u00e1 simb\u00f3lico, pois vai ser visto como um fracasso da equipe econ\u00f4mica e n\u00e3o reflexo das incertezas referentes ao novo coronav\u00edrus.<\/p>\n<p>&nbsp;<\/p>\n<p><strong>Viola no saco<\/strong><\/p>\n<p>&nbsp;<\/p>\n<p>O presidente, inclusive, foi aconselhado, em meio a tanto nervosismo, recuar no enfrentamento com o Congresso. Depois de insuflar os eleitores a irem \u00e0s ruas em 15 de mar\u00e7o, numa manifesta\u00e7\u00e3o contra o Legislativo e o Judici\u00e1rio, ele passou a pedir &#8220;serenidade&#8221;.<\/p>\n<p>&nbsp;<\/p>\n<p>Bolsonaro, agora, afirma que tamb\u00e9m erra e acena com acordo com o Congresso, que tem a responsabilidade de levar adiante as reformas que o pa\u00eds tanto precisa para voltar a crescer por longo prazo.<\/p>\n<p>&nbsp;<\/p>\n<p>Segundo o presidente, &#8220;se n\u00f3s afinarmos a viola, o Brasil decola&#8221;. Resta saber se Bolsonaro seguira, realmente, o papel que lhe cabe neste roteiro.<\/p>\n<p>&nbsp;<\/p>\n<p><em>Bras\u00edlia, 09h55min<\/em><\/p>\n","protected":false},"excerpt":{"rendered":"<p>T\u00e9cnicos da equipe econ\u00f4mica est\u00e3o se perguntando qual \u00e9 o limite do presidente Jair Bolsonaro em rela\u00e7\u00e3o ao d\u00f3lar. Quem trabalha no Pal\u00e1cio do Planalto tem a resposta na ponta da l\u00edngua: cota\u00e7\u00e3o a R$ 5. &nbsp; Desde que os pre\u00e7os da moeda norte-americana come\u00e7aram a subir com for\u00e7a, Bolsonaro tem mostrado um certo desconforto, [&hellip;]<\/p>\n","protected":false},"author":22,"featured_media":10126,"comment_status":"open","ping_status":"closed","sticky":false,"template":"","format":"standard","meta":{"footnotes":""},"categories":[600],"tags":[3,2554,4419,343,1494,3613,3714],"class_list":["post-13067","post","type-post","status-publish","format-standard","has-post-thumbnail","hentry","category-economia","tag-banco-central","tag-bolsonaro","tag-coronavirus","tag-dolar","tag-nervosismo","tag-paulo-guedes","tag-roberto-campos-neto"],"_links":{"self":[{"href":"https:\/\/blogs.correiobraziliense.com.br\/vicente\/wp-json\/wp\/v2\/posts\/13067","targetHints":{"allow":["GET"]}}],"collection":[{"href":"https:\/\/blogs.correiobraziliense.com.br\/vicente\/wp-json\/wp\/v2\/posts"}],"about":[{"href":"https:\/\/blogs.correiobraziliense.com.br\/vicente\/wp-json\/wp\/v2\/types\/post"}],"author":[{"embeddable":true,"href":"https:\/\/blogs.correiobraziliense.com.br\/vicente\/wp-json\/wp\/v2\/users\/22"}],"replies":[{"embeddable":true,"href":"https:\/\/blogs.correiobraziliense.com.br\/vicente\/wp-json\/wp\/v2\/comments?post=13067"}],"version-history":[{"count":2,"href":"https:\/\/blogs.correiobraziliense.com.br\/vicente\/wp-json\/wp\/v2\/posts\/13067\/revisions"}],"predecessor-version":[{"id":13069,"href":"https:\/\/blogs.correiobraziliense.com.br\/vicente\/wp-json\/wp\/v2\/posts\/13067\/revisions\/13069"}],"wp:featuredmedia":[{"embeddable":true,"href":"https:\/\/blogs.correiobraziliense.com.br\/vicente\/wp-json\/wp\/v2\/media\/10126"}],"wp:attachment":[{"href":"https:\/\/blogs.correiobraziliense.com.br\/vicente\/wp-json\/wp\/v2\/media?parent=13067"}],"wp:term":[{"taxonomy":"category","embeddable":true,"href":"https:\/\/blogs.correiobraziliense.com.br\/vicente\/wp-json\/wp\/v2\/categories?post=13067"},{"taxonomy":"post_tag","embeddable":true,"href":"https:\/\/blogs.correiobraziliense.com.br\/vicente\/wp-json\/wp\/v2\/tags?post=13067"}],"curies":[{"name":"wp","href":"https:\/\/api.w.org\/{rel}","templated":true}]}}