{"id":13032,"date":"2020-02-25T21:41:27","date_gmt":"2020-02-26T00:41:27","guid":{"rendered":"https:\/\/blogs.correiobraziliense.com.br\/vicente\/?p=13032"},"modified":"2020-02-25T23:40:51","modified_gmt":"2020-02-26T02:40:51","slug":"banco-central-monta-arsenal-para-conter-panico-nos-mercados","status":"publish","type":"post","link":"https:\/\/blogs.correiobraziliense.com.br\/vicente\/banco-central-monta-arsenal-para-conter-panico-nos-mercados\/","title":{"rendered":"Banco Central monta arsenal para conter p\u00e2nico nos mercados"},"content":{"rendered":"<h2>A confirma\u00e7\u00e3o do primeiro caso do novo coronav\u00edrus no Brasil \u2014 um segundo exame, de contraprova, est\u00e1 em andamento \u2014 levou o Banco Central a refor\u00e7ar seu arsenal para conter qualquer movimento de p\u00e2nico na reabertura dos mercados nesta quarta-feira, 26 de fevereiro.<\/h2>\n<p>&nbsp;<\/p>\n<p>O Banco Central j\u00e1 estava pronto para agir diante do que se viu nos mercados internacionais nos \u00faltimos dois dias, com o derretimento das bolsas de valores das principais economias do mundo. Mas, agora, com um caso praticamente confirmado no Brasil, a situa\u00e7\u00e3o se agravou por completo.<\/p>\n<p>&nbsp;<\/p>\n<p>Pelo que apurou o <strong>Blog<\/strong>, o Banco Central vai intervir no c\u00e2mbio at\u00e9 quando achar necess\u00e1rio. Estima-se que a moeda norte-americana poder\u00e1 retomar os neg\u00f3cios nesta quarta-feira j\u00e1 pr\u00f3ximo dos R$ 4,50 (frente os R$ 4,39 de sexta-feira), o que disseminar\u00e1 nervosismo para todos os lados.<\/p>\n<p>&nbsp;<\/p>\n<p>Se isso se confirmar, o d\u00f3lar ter\u00e1 alta de 2,5%, o que, no entender dos especialistas, ser\u00e1 at\u00e9 um aumento pequeno ante o p\u00e2nico esperado. Ningu\u00e9m descarta o d\u00f3lar caminhar rapidamente para os R$ 5 se o quadro do coronav\u00edrus se agravar, sobretudo no pa\u00eds.<\/p>\n<p>&nbsp;<\/p>\n<p><strong>Apreens\u00e3o<\/strong><\/p>\n<p>&nbsp;<\/p>\n<p>A preocupa\u00e7\u00e3o dentro do BC \u00e9 tamanha, que o presidente da institui\u00e7\u00e3o, Roberto Campos Neto, trocou uma s\u00e9rie de informa\u00e7\u00f5es com seus diretores e com o ministro da Economia, Paulo Guedes, sobre o poder de fogo da autoridade monet\u00e1ria para conter todos os movimentos disfuncionais do mercado.<\/p>\n<p>&nbsp;<\/p>\n<p>O BC, asseguram t\u00e9cnicos da equipe econ\u00f4mica, precisa passar toda a seguran\u00e7a poss\u00edvel aos agentes financeiros, para que o barco n\u00e3o afunde. Entre os assessores do presidente da Rep\u00fablica, Jair Bolsonaro, j\u00e1 se discute o custo pol\u00edtico de um d\u00f3lar a R$ 5.<\/p>\n<p>&nbsp;<\/p>\n<p>O clima de medo que se instalou entre os investidores nos \u00faltimos dias tem a ver com o avan\u00e7o do novo coronav\u00edrus na Europa. Na It\u00e1lia, j\u00e1 s\u00e3o 11 mortes. Os investidores temem que ocorra no continente europeu o que est\u00e1 se vendo nas China, com f\u00e1bricas fechadas e a produ\u00e7\u00e3o afundando.<\/p>\n<p>&nbsp;<\/p>\n<p>O coronav\u00edrus est\u00e1 concentrado no norte da It\u00e1lia, onde est\u00e1 o grosso das ind\u00fastrias do pa\u00eds. Aquela regi\u00e3o, mais o sul da Alemanha, a Su\u00ed\u00e7a e a \u00c1ustria formam o principal cintur\u00e3o de suprimentos da Europa.<\/p>\n<p>&nbsp;<\/p>\n<p><em>Bras\u00edlia, 21h41min<\/em><\/p>\n","protected":false},"excerpt":{"rendered":"<p>A confirma\u00e7\u00e3o do primeiro caso do novo coronav\u00edrus no Brasil \u2014 um segundo exame, de contraprova, est\u00e1 em andamento \u2014 levou o Banco Central a refor\u00e7ar seu arsenal para conter qualquer movimento de p\u00e2nico na reabertura dos mercados nesta quarta-feira, 26 de fevereiro. &nbsp; O Banco Central j\u00e1 estava pronto para agir diante do que [&hellip;]<\/p>\n","protected":false},"author":22,"featured_media":11454,"comment_status":"open","ping_status":"closed","sticky":false,"template":"","format":"standard","meta":{"footnotes":""},"categories":[600],"tags":[850,3,4419,343,4457,4458],"class_list":["post-13032","post","type-post","status-publish","format-standard","has-post-thumbnail","hentry","category-economia","tag-alta","tag-banco-central","tag-coronavirus","tag-dolar","tag-panico","tag-quarta-feira"],"_links":{"self":[{"href":"https:\/\/blogs.correiobraziliense.com.br\/vicente\/wp-json\/wp\/v2\/posts\/13032","targetHints":{"allow":["GET"]}}],"collection":[{"href":"https:\/\/blogs.correiobraziliense.com.br\/vicente\/wp-json\/wp\/v2\/posts"}],"about":[{"href":"https:\/\/blogs.correiobraziliense.com.br\/vicente\/wp-json\/wp\/v2\/types\/post"}],"author":[{"embeddable":true,"href":"https:\/\/blogs.correiobraziliense.com.br\/vicente\/wp-json\/wp\/v2\/users\/22"}],"replies":[{"embeddable":true,"href":"https:\/\/blogs.correiobraziliense.com.br\/vicente\/wp-json\/wp\/v2\/comments?post=13032"}],"version-history":[{"count":5,"href":"https:\/\/blogs.correiobraziliense.com.br\/vicente\/wp-json\/wp\/v2\/posts\/13032\/revisions"}],"predecessor-version":[{"id":13037,"href":"https:\/\/blogs.correiobraziliense.com.br\/vicente\/wp-json\/wp\/v2\/posts\/13032\/revisions\/13037"}],"wp:featuredmedia":[{"embeddable":true,"href":"https:\/\/blogs.correiobraziliense.com.br\/vicente\/wp-json\/wp\/v2\/media\/11454"}],"wp:attachment":[{"href":"https:\/\/blogs.correiobraziliense.com.br\/vicente\/wp-json\/wp\/v2\/media?parent=13032"}],"wp:term":[{"taxonomy":"category","embeddable":true,"href":"https:\/\/blogs.correiobraziliense.com.br\/vicente\/wp-json\/wp\/v2\/categories?post=13032"},{"taxonomy":"post_tag","embeddable":true,"href":"https:\/\/blogs.correiobraziliense.com.br\/vicente\/wp-json\/wp\/v2\/tags?post=13032"}],"curies":[{"name":"wp","href":"https:\/\/api.w.org\/{rel}","templated":true}]}}