{"id":13028,"date":"2020-02-22T15:25:18","date_gmt":"2020-02-22T18:25:18","guid":{"rendered":"https:\/\/blogs.correiobraziliense.com.br\/vicente\/?p=13028"},"modified":"2020-02-22T20:27:30","modified_gmt":"2020-02-22T23:27:30","slug":"bolsonaro-diz-que-implodiu-inmetro-mas-tudo-continua-como-esta-so-presidente-caiu","status":"publish","type":"post","link":"https:\/\/blogs.correiobraziliense.com.br\/vicente\/bolsonaro-diz-que-implodiu-inmetro-mas-tudo-continua-como-esta-so-presidente-caiu\/","title":{"rendered":"Bolsonaro diz que &#8220;implodiu&#8221; Inmetro, mas tudo continua como est\u00e1. S\u00f3 presidente caiu"},"content":{"rendered":"<h2>O presidente Jair Bolsonaro disse neste s\u00e1bado de carnaval, 22 de fevereiro, que &#8220;implodiu&#8221; o Inmetro (Instituto Nacional de Metrologia, Qualidade e Tecnologia), mas praticamente nada mudou no \u00f3rg\u00e3o que tem entre suas fun\u00e7\u00f5es verificar e fiscalizar a observ\u00e2ncia das normas t\u00e9cnicas e legais relativas a unidades de medidas. Somente \u00c2ngela Flores foi exonerada da presid\u00eancia. A diretoria continua a mesma.<\/h2>\n<p>&nbsp;<\/p>\n<p>Para se ter uma ideia de que nada ainda mudou no Inmetro, o novo presidente,\u00a0coronel do Ex\u00e9rcito Marcos Heleno Guerson de Oliveira J\u00fanior, nomeado no dia 17 de fevereiro, sequer pisou no \u00f3rg\u00e3o. Ele s\u00f3 se apresentar\u00e1 oficialmente na quinta-feira (27\/02), depois do carnaval. A &#8220;meia d\u00fazia&#8221; de diretores que Bolsonaro diz que demitiu, por enquanto, permanece no cargo, recebendo sal\u00e1rios normalmente.<\/p>\n<p>&nbsp;<\/p>\n<p>O pr\u00f3prio Inmetro, em nota oficial divulgada depois da fala do presidente da Rep\u00fablica, ressalta que nada mudou: &#8220;O INMETRO esclarece que portarias recentes est\u00e3o em avalia\u00e7\u00e3o pela presid\u00eancia, assim como a composi\u00e7\u00e3o da diretoria para a nova gest\u00e3o&#8221;. Quer dizer, nem a diretoria mudou nem as portarias criticadas por Bolsonaro foram revogadas.<\/p>\n<p>&nbsp;<\/p>\n<p>Uma das portarias das quais fala o presidente da Rep\u00fablica trata da exig\u00eancia do \u00f3rg\u00e3o de que tac\u00f3grafos, equipamentos usados para controlar a velocidade de caminh\u00f5es, sejam substitu\u00eddos a cada ano e n\u00e3o mais em dois. A outra prev\u00ea a troca de tax\u00edmetros para reduzir o n\u00famero de fraudes. Na vis\u00e3o de Bolsonaro, essas medidas criaram custos adicionais aos motoristas.<\/p>\n<p>&nbsp;<\/p>\n<p><strong>Servidores de carreira<\/strong><\/p>\n<p>&nbsp;<\/p>\n<p>Dos seis diretores, somente\u00a0Vinicius Diniz e Almeida Ramos, que responde pela diretoria de Administra\u00e7\u00e3o e Finan\u00e7as, \u00e9 de fora do quadro do Inmetro \u2014 ele foi nomeado por \u00c2ngela Fores . Os demais s\u00e3o todos funcion\u00e1rios de carreira. Nos \u00faltimos dias, eles trocaram informa\u00e7\u00f5es com o novo presidente do \u00f3rg\u00e3o por meio de chamadas de voz e de v\u00eddeo.<\/p>\n<p>&nbsp;<\/p>\n<p>O Inmetro \u00e9 uma autarquia federal vinculada ao Minist\u00e9rio da Economia. Est\u00e1 debaixo da Secretaria Especial de Produtividade, Emprego e Competitividade, comandada por Carlos da Costa. Foi ele quem nomeou \u00c2ngela Flores para o comando do Inmetro no ano passado.<\/p>\n<p>&nbsp;<\/p>\n<p>O novo presidente do Inmetro respondeu, entre janeiro e outubro de 2019, pela diretoria de Pol\u00edtica Regulat\u00f3ria na Secretaria de Regula\u00e7\u00e3o e Supervis\u00e3o da Educa\u00e7\u00e3o Superior do Minist\u00e9rio da Educa\u00e7\u00e3o (MEC). Antes de ser nomeado para o Inmetro, ocupava a diretoria do Departamento de Determinantes Ambientais na Secretaria Especial de Sa\u00fade Ind\u00edgena do Minist\u00e9rio da Sa\u00fade.<\/p>\n<p>&nbsp;<\/p>\n<p><em>Bras\u00edlia, 15h25min, atualizada \u00e0s 18h30<\/em><\/p>\n","protected":false},"excerpt":{"rendered":"<p>O presidente Jair Bolsonaro disse neste s\u00e1bado de carnaval, 22 de fevereiro, que &#8220;implodiu&#8221; o Inmetro (Instituto Nacional de Metrologia, Qualidade e Tecnologia), mas praticamente nada mudou no \u00f3rg\u00e3o que tem entre suas fun\u00e7\u00f5es verificar e fiscalizar a observ\u00e2ncia das normas t\u00e9cnicas e legais relativas a unidades de medidas. Somente \u00c2ngela Flores foi exonerada da [&hellip;]<\/p>\n","protected":false},"author":22,"featured_media":10489,"comment_status":"open","ping_status":"closed","sticky":false,"template":"","format":"standard","meta":{"footnotes":""},"categories":[600],"tags":[2554,4226,3119,4452,3084,4453,4455,4454],"class_list":["post-13028","post","type-post","status-publish","format-standard","has-post-thumbnail","hentry","category-economia","tag-bolsonaro","tag-coronel","tag-diretoria","tag-implodiu","tag-inmetro","tag-portarias","tag-tacografos","tag-taximetros"],"_links":{"self":[{"href":"https:\/\/blogs.correiobraziliense.com.br\/vicente\/wp-json\/wp\/v2\/posts\/13028","targetHints":{"allow":["GET"]}}],"collection":[{"href":"https:\/\/blogs.correiobraziliense.com.br\/vicente\/wp-json\/wp\/v2\/posts"}],"about":[{"href":"https:\/\/blogs.correiobraziliense.com.br\/vicente\/wp-json\/wp\/v2\/types\/post"}],"author":[{"embeddable":true,"href":"https:\/\/blogs.correiobraziliense.com.br\/vicente\/wp-json\/wp\/v2\/users\/22"}],"replies":[{"embeddable":true,"href":"https:\/\/blogs.correiobraziliense.com.br\/vicente\/wp-json\/wp\/v2\/comments?post=13028"}],"version-history":[{"count":1,"href":"https:\/\/blogs.correiobraziliense.com.br\/vicente\/wp-json\/wp\/v2\/posts\/13028\/revisions"}],"predecessor-version":[{"id":13029,"href":"https:\/\/blogs.correiobraziliense.com.br\/vicente\/wp-json\/wp\/v2\/posts\/13028\/revisions\/13029"}],"wp:featuredmedia":[{"embeddable":true,"href":"https:\/\/blogs.correiobraziliense.com.br\/vicente\/wp-json\/wp\/v2\/media\/10489"}],"wp:attachment":[{"href":"https:\/\/blogs.correiobraziliense.com.br\/vicente\/wp-json\/wp\/v2\/media?parent=13028"}],"wp:term":[{"taxonomy":"category","embeddable":true,"href":"https:\/\/blogs.correiobraziliense.com.br\/vicente\/wp-json\/wp\/v2\/categories?post=13028"},{"taxonomy":"post_tag","embeddable":true,"href":"https:\/\/blogs.correiobraziliense.com.br\/vicente\/wp-json\/wp\/v2\/tags?post=13028"}],"curies":[{"name":"wp","href":"https:\/\/api.w.org\/{rel}","templated":true}]}}