{"id":13022,"date":"2020-02-20T19:21:54","date_gmt":"2020-02-20T22:21:54","guid":{"rendered":"https:\/\/blogs.correiobraziliense.com.br\/vicente\/?p=13022"},"modified":"2020-02-20T20:03:13","modified_gmt":"2020-02-20T23:03:13","slug":"multiplan-passa-a-deter-734-do-capital-do-parkshopping","status":"publish","type":"post","link":"https:\/\/blogs.correiobraziliense.com.br\/vicente\/multiplan-passa-a-deter-734-do-capital-do-parkshopping\/","title":{"rendered":"Multiplan passa a deter 73,4% do capital do ParkShopping"},"content":{"rendered":"<h2>A Multiplan aumentou sua participa\u00e7\u00e3o no capital do ParkShopping e do ParkShopping Corporate. Para isso, desembolsou R$ 243 milh\u00f5es por um novo lote de a\u00e7\u00f5es nos dois empreendimentos, conforme comunicado enviado ao mercado nesta quinta-feira (20\/02).\u00a0Com os investimentos, a Multiplan passa a deter 73,4% do ParkShopping e 70% do ParkShopping Corporate.<\/h2>\n<p>&nbsp;<\/p>\n<p>Segundo a Multiplan, foram adquiridos mais 12% de participa\u00e7\u00e3o no ParkShopping, por R$ 225 milh\u00f5es, e mais 20% do ParkShopping Corporate, por R$ 18 milh\u00f5es.\u00a0Os dois empreendimentos formam um complexo multiuso, reunindo, na mesma \u00e1rea, op\u00e7\u00f5es de compras, lazer, entretenimento e trabalho.<\/p>\n<p>&nbsp;<\/p>\n<p>Pelo acordo de acionistas, a Multiplan\u00a0tinha direito de prefer\u00eancia sobre parte da oferta de a\u00e7\u00f5es, que correspondia a 7,5% de participa\u00e7\u00e3o no shopping, mas tamb\u00e9m ficou com a parcela remanescente.<\/p>\n<p>&nbsp;<\/p>\n<p><strong>Crescimento<\/strong><\/p>\n<p>&nbsp;<\/p>\n<p>No comunicado, a empresa informa que, nos \u00faltimos 12 meses, acelerou suas aquisi\u00e7\u00f5es, que totalizaram R$ 969 milh\u00f5es na amplia\u00e7\u00e3o de participa\u00e7\u00e3o acion\u00e1ria em sete empreendimentos. De 2016 para c\u00e1, a Multiplan investiu R$ 1,7 bilh\u00e3o em participa\u00e7\u00f5es minorit\u00e1rias em 10 empreendimentos, refor\u00e7ando sua estrat\u00e9gia de aloca\u00e7\u00e3o de capital em ativos com potencial de crescimento.<\/p>\n<p>&nbsp;<\/p>\n<p>Na avalia\u00e7\u00e3o de\u00a0Armando d\u2019Almeida, vice-presidente Financeiro e de Rela\u00e7\u00f5es com Investidores da Multiplan, \u201ccom essa s\u00e9rie de aquisi\u00e7\u00f5es recentes, em pouco menos de um ano, a Multiplan ampliou sua \u00c1rea Bruta Loc\u00e1vel (ABL) em 40 mil metros quadrados, o equivalente a um novo shopping center&#8221;.<\/p>\n<p>&nbsp;<\/p>\n<p>A Multiplan det\u00e9m, atualmente, 19 shopping centers em opera\u00e7\u00e3o e \u00e9 uma das maiores empresas do setor no Brasil.\u00a0O ParkJacarepagu\u00e1, em constru\u00e7\u00e3o no Rio de Janeiro, ser\u00e1 o 20\u00ba. Os shopping da empresa totalizam mais de 5.800 lojas, tr\u00e1fego anual estimado em 190 milh\u00f5es de visitas e \u00e1rea bruta loc\u00e1vel (ABL) de 834 mil metros quadrados.<\/p>\n<p>&nbsp;<\/p>\n<p><em>Bras\u00edlia, 19h21min<\/em><\/p>\n","protected":false},"excerpt":{"rendered":"<p>A Multiplan aumentou sua participa\u00e7\u00e3o no capital do ParkShopping e do ParkShopping Corporate. Para isso, desembolsou R$ 243 milh\u00f5es por um novo lote de a\u00e7\u00f5es nos dois empreendimentos, conforme comunicado enviado ao mercado nesta quinta-feira (20\/02).\u00a0Com os investimentos, a Multiplan passa a deter 73,4% do ParkShopping e 70% do ParkShopping Corporate. &nbsp; Segundo a Multiplan, [&hellip;]<\/p>\n","protected":false},"author":22,"featured_media":13023,"comment_status":"open","ping_status":"closed","sticky":false,"template":"","format":"standard","meta":{"footnotes":""},"categories":[600],"tags":[133,4449,4447,4450,4448,3927],"class_list":["post-13022","post","type-post","status-publish","format-standard","has-post-thumbnail","hentry","category-economia","tag-aumento","tag-corporate","tag-multiplan","tag-parkshopping","tag-participacao","tag-shopping"],"_links":{"self":[{"href":"https:\/\/blogs.correiobraziliense.com.br\/vicente\/wp-json\/wp\/v2\/posts\/13022","targetHints":{"allow":["GET"]}}],"collection":[{"href":"https:\/\/blogs.correiobraziliense.com.br\/vicente\/wp-json\/wp\/v2\/posts"}],"about":[{"href":"https:\/\/blogs.correiobraziliense.com.br\/vicente\/wp-json\/wp\/v2\/types\/post"}],"author":[{"embeddable":true,"href":"https:\/\/blogs.correiobraziliense.com.br\/vicente\/wp-json\/wp\/v2\/users\/22"}],"replies":[{"embeddable":true,"href":"https:\/\/blogs.correiobraziliense.com.br\/vicente\/wp-json\/wp\/v2\/comments?post=13022"}],"version-history":[{"count":1,"href":"https:\/\/blogs.correiobraziliense.com.br\/vicente\/wp-json\/wp\/v2\/posts\/13022\/revisions"}],"predecessor-version":[{"id":13024,"href":"https:\/\/blogs.correiobraziliense.com.br\/vicente\/wp-json\/wp\/v2\/posts\/13022\/revisions\/13024"}],"wp:featuredmedia":[{"embeddable":true,"href":"https:\/\/blogs.correiobraziliense.com.br\/vicente\/wp-json\/wp\/v2\/media\/13023"}],"wp:attachment":[{"href":"https:\/\/blogs.correiobraziliense.com.br\/vicente\/wp-json\/wp\/v2\/media?parent=13022"}],"wp:term":[{"taxonomy":"category","embeddable":true,"href":"https:\/\/blogs.correiobraziliense.com.br\/vicente\/wp-json\/wp\/v2\/categories?post=13022"},{"taxonomy":"post_tag","embeddable":true,"href":"https:\/\/blogs.correiobraziliense.com.br\/vicente\/wp-json\/wp\/v2\/tags?post=13022"}],"curies":[{"name":"wp","href":"https:\/\/api.w.org\/{rel}","templated":true}]}}