{"id":13020,"date":"2020-02-20T17:23:15","date_gmt":"2020-02-20T20:23:15","guid":{"rendered":"https:\/\/blogs.correiobraziliense.com.br\/vicente\/?p=13020"},"modified":"2020-02-20T18:58:53","modified_gmt":"2020-02-20T21:58:53","slug":"analistas-falam-em-queda-do-pib-no-1o-trimestre-pelo-efeito-china","status":"publish","type":"post","link":"https:\/\/blogs.correiobraziliense.com.br\/vicente\/analistas-falam-em-queda-do-pib-no-1o-trimestre-pelo-efeito-china\/","title":{"rendered":"Analistas falam em queda do PIB no 1\u00ba trimestre pelo efeito China"},"content":{"rendered":"<h2>Ainda que ningu\u00e9m crave tal possibilidade, analistas mais pessimistas admitem que o Brasil pode registrar queda do Produto Interno Bruto (PIB) no primeiro trimestre de 2020. Tudo vai depender do que acontecer\u00e1 na China, cuja produ\u00e7\u00e3o industrial est\u00e1 praticamente parada por causa do coronav\u00edrus.<\/h2>\n<p>&nbsp;<\/p>\n<p>Na m\u00e9dia, os analistas preveem alta de 0,30% para o PIB brasileiro entre janeiro e mar\u00e7o, mas, para que esse quadro se concretize, a China precisa religar as m\u00e1quinas at\u00e9 o fim de fevereiro (nesta sexta-feira, 21 de fevereiro, saem dados da ind\u00fastria de v\u00e1rios pa\u00edses do mundo) . Se a segunda economia do planeta continuar parada em mar\u00e7o, a atividade global vai despencar e o Brasil ser\u00e1 um dos maiores prejudicados, devido \u00e0 forte rela\u00e7\u00e3o comercial com o pa\u00eds asi\u00e1tico.<\/p>\n<p>&nbsp;<\/p>\n<p>No Brasil, v\u00e1rios setores, sobretudo o de eletroeletr\u00f4nicos, j\u00e1 est\u00e3o sofrendo com a escassez de pe\u00e7as e componentes vindos da China. Para se ter uma ideia de como isso \u00e9 real, uma empresa sediada no Setor de Ind\u00fastria e Abastecimento (SIA) do Distrito Federal est\u00e1 h\u00e1 dias com os elevadores parados por falta de pe\u00e7as.<\/p>\n<p>&nbsp;<\/p>\n<p><strong>Suprimentos<\/strong><\/p>\n<p>&nbsp;<\/p>\n<p>Cada ponto percentual a menos de crescimento da China retira 0,5 ponto do PIB brasileiro. As estimativas s\u00e3o de que o pa\u00eds asi\u00e1tico avance entre 4% e 4,5% em 2020, ante os 6,5%, em m\u00e9dia, dos \u00faltimos anos. O mais preocupante \u00e9 que, n\u00e3o h\u00e1 no mundo mundo hoje pa\u00edses capazes de substitu\u00edrem a China no mercado de suprimentos industriais.<\/p>\n<p>&nbsp;<\/p>\n<p>A China, contudo, \u00e9 apenas um dos problemas que se colocam no caminho do Brasil. Desde novembro do ano passado, o pa\u00eds enfrenta uma cont\u00ednua desacelera\u00e7\u00e3o da atividade. Janeiro, mostram pr\u00e9vias dos indicadores, foi fraco. Fevereiro n\u00e3o est\u00e1 sendo diferente. E n\u00e3o h\u00e1 perspectiva de forte recupera\u00e7\u00e3o em mar\u00e7o.<\/p>\n<p>&nbsp;<\/p>\n<p>O governo, por exemplo, comemorou a pr\u00e9via da infla\u00e7\u00e3o de fevereiro, que ficou em 0,22%, a menor para o m\u00eas desde 1994. Mas isso aconteceu, sobretudo, porque o consumo est\u00e1 fraco. As fam\u00edlias reduziram as compras. Resta ao varejo fazer promo\u00e7\u00f5es e cortar pre\u00e7os para desovar os estoques.<\/p>\n<p>&nbsp;<\/p>\n<p><strong>Peso da pol\u00edtica<\/strong><\/p>\n<p>&nbsp;<\/p>\n<p>Outro dado relevante: o Banco Central liberou R$ 135 bilh\u00f5es de compuls\u00f3rios para tentar estimular a economia via cr\u00e9dito. Isso depois de ter reduzido a taxa b\u00e1sica de juros (Selic) ao menor n\u00edvel da hist\u00f3ria, 4,25% ao ano. O BC acredita que esse dinheiro ficar\u00e1 &#8220;queimando nas m\u00e3os dos bancos&#8221;, que ser\u00e3o obrigados a reduzir os custos dos empr\u00e9stimos para repassar os recursos adiante.<\/p>\n<p>&nbsp;<\/p>\n<p>De uma coisa os especialistas est\u00e3o certos: mesmo que o PIB do primeiro trimestre seja ligeiramente positivo, o crescimento do ano como um todo est\u00e1 comprometido, ficando por volta de 1,5%. Al\u00e9m do estrago do coronav\u00edrus, o Brasil se ressentir\u00e1 das dificuldades do governo em aprovar projetos priorit\u00e1rios, como as reformas administrativas e tribut\u00e1rias, no Congresso.<\/p>\n<p>&nbsp;<\/p>\n<p>Quanto mais demorar para as reformas sa\u00edrem, maior ser\u00e1 a desconfian\u00e7a de investidores e empres\u00e1rios. Os estrangeiros n\u00e3o entram no Brasil e os que est\u00e3o no pa\u00eds est\u00e3o sacando os recursos. Essa, por sinal, \u00e9 uma das raz\u00f5es de o d\u00f3lar ter fechado esta quinta-feira (20\/02) a R$ 4,39, novo recorde. Enfim, o jogo do crescimento embolou muito.<\/p>\n<p>&nbsp;<\/p>\n<p><em>Bras\u00edlia, 17h23min<\/em><\/p>\n","protected":false},"excerpt":{"rendered":"<p>Ainda que ningu\u00e9m crave tal possibilidade, analistas mais pessimistas admitem que o Brasil pode registrar queda do Produto Interno Bruto (PIB) no primeiro trimestre de 2020. Tudo vai depender do que acontecer\u00e1 na China, cuja produ\u00e7\u00e3o industrial est\u00e1 praticamente parada por causa do coronav\u00edrus. &nbsp; Na m\u00e9dia, os analistas preveem alta de 0,30% para o [&hellip;]<\/p>\n","protected":false},"author":22,"featured_media":10314,"comment_status":"open","ping_status":"closed","sticky":false,"template":"","format":"standard","meta":{"footnotes":""},"categories":[600],"tags":[3,246,4419,113,14,4,58,2148,279,666],"class_list":["post-13020","post","type-post","status-publish","format-standard","has-post-thumbnail","hentry","category-economia","tag-banco-central","tag-china","tag-coronavirus","tag-crescimento","tag-inflacao","tag-juros","tag-pib","tag-primeiro-trimestre","tag-queda","tag-reformas"],"_links":{"self":[{"href":"https:\/\/blogs.correiobraziliense.com.br\/vicente\/wp-json\/wp\/v2\/posts\/13020","targetHints":{"allow":["GET"]}}],"collection":[{"href":"https:\/\/blogs.correiobraziliense.com.br\/vicente\/wp-json\/wp\/v2\/posts"}],"about":[{"href":"https:\/\/blogs.correiobraziliense.com.br\/vicente\/wp-json\/wp\/v2\/types\/post"}],"author":[{"embeddable":true,"href":"https:\/\/blogs.correiobraziliense.com.br\/vicente\/wp-json\/wp\/v2\/users\/22"}],"replies":[{"embeddable":true,"href":"https:\/\/blogs.correiobraziliense.com.br\/vicente\/wp-json\/wp\/v2\/comments?post=13020"}],"version-history":[{"count":1,"href":"https:\/\/blogs.correiobraziliense.com.br\/vicente\/wp-json\/wp\/v2\/posts\/13020\/revisions"}],"predecessor-version":[{"id":13021,"href":"https:\/\/blogs.correiobraziliense.com.br\/vicente\/wp-json\/wp\/v2\/posts\/13020\/revisions\/13021"}],"wp:featuredmedia":[{"embeddable":true,"href":"https:\/\/blogs.correiobraziliense.com.br\/vicente\/wp-json\/wp\/v2\/media\/10314"}],"wp:attachment":[{"href":"https:\/\/blogs.correiobraziliense.com.br\/vicente\/wp-json\/wp\/v2\/media?parent=13020"}],"wp:term":[{"taxonomy":"category","embeddable":true,"href":"https:\/\/blogs.correiobraziliense.com.br\/vicente\/wp-json\/wp\/v2\/categories?post=13020"},{"taxonomy":"post_tag","embeddable":true,"href":"https:\/\/blogs.correiobraziliense.com.br\/vicente\/wp-json\/wp\/v2\/tags?post=13020"}],"curies":[{"name":"wp","href":"https:\/\/api.w.org\/{rel}","templated":true}]}}