{"id":13010,"date":"2020-02-19T15:28:54","date_gmt":"2020-02-19T18:28:54","guid":{"rendered":"https:\/\/blogs.correiobraziliense.com.br\/vicente\/?p=13010"},"modified":"2020-02-19T16:55:23","modified_gmt":"2020-02-19T19:55:23","slug":"heleno-nunca-foi-santinho-e-o-mais-radical-dos-militares-que-cercam-bolsonaro","status":"publish","type":"post","link":"https:\/\/blogs.correiobraziliense.com.br\/vicente\/heleno-nunca-foi-santinho-e-o-mais-radical-dos-militares-que-cercam-bolsonaro\/","title":{"rendered":"Heleno nunca foi santinho. \u00c9 o mais radical dos militares que cercam Bolsonaro"},"content":{"rendered":"<h2>Quem acompanha o dia a dia do Pal\u00e1cio do Planalto n\u00e3o se surpreendeu com as declara\u00e7\u00f5es do ministro\u00a0do Gabinete de Seguran\u00e7a Institucional (GSI), Augusto Heleno, que abriram nova\u00a0 crise entre o governo e o Congresso. O general acusou o Legislativo de &#8220;chantagem&#8221; por causa da aprova\u00e7\u00e3o do Or\u00e7amento impositivo, que d\u00e1 direito ao Legislativo de manejar R$ 30 bilh\u00f5es, e incitou o presidente Jair Bolsonaro a &#8220;convocar o povo \u00e0s ruas&#8221;.<\/h2>\n<p>&nbsp;<\/p>\n<p>&#8220;Rapaz, n\u00f3s n\u00e3o podemos aceitar esses caras chantagearem a gente o tempo todo. Fodam-se&#8221;, afirmou Heleno na ter\u00e7a-feira (18\/02), em \u00e1udio captado pela transmiss\u00e3o de evento no Pal\u00e1cio da Alvorada durante conversa\u00a0com os ministros da Economia, Paulo Guedes, e da Secretaria de Governo,\u00a0 Luiz Eduardo Ramos.<\/p>\n<p>&nbsp;<\/p>\n<p>No entender do\u00a0general, existem &#8220;insaci\u00e1veis reivindica\u00e7\u00f5es de alguns parlamentares&#8221;, que reduzem &#8220;substancialmente&#8221; o or\u00e7amento do Executivo. Depois de tais declara\u00e7\u00f5es, ele reclamou de invas\u00e3o de privacidade.\u00a0A conversa, por\u00e9m, foi captada pela transmiss\u00e3o da cerim\u00f4nia feita na conta oficial no Facebook do pr\u00f3prio Bolsonaro.<\/p>\n<p>&nbsp;<\/p>\n<p><strong>Personagem<\/strong><\/p>\n<p>&nbsp;<\/p>\n<p>&#8220;Aquele Heleno pacificador, que aparece diante das c\u00e2maras, n\u00e3o existe. \u00c9 um personagem que ele criou&#8221;, diz um integrante do Pal\u00e1cio do Planalto. &#8220;Na verdade, ele \u00e9 o mais radical dos militares que cercam o presidente Bolsonaro&#8221;, acrescenta. &#8220;Basta passar um dia no Planalto para constatar a realidade&#8221;, emenda.<\/p>\n<p>&nbsp;<\/p>\n<p>Heleno foi um dos primeiros militares a se engajarem na campanha de Bolsonaro. Ele n\u00e3o se furtou de sair \u00e0s ruas em todas as manifesta\u00e7\u00f5es em favor do ent\u00e3o candidato \u00e0 Presid\u00eancia da Rep\u00fablica e n\u00e3o economizou nos improp\u00e9rios contra \u00e0 oposi\u00e7\u00e3o ao agora presidente.<\/p>\n<p>&nbsp;<\/p>\n<p>Recentemente, Heleno deixou escapar ser favor\u00e1vel \u00e0 volta do AI-5, o instrumento mais duro da ditadura, defendido por um dos filhos do presidente, o deputado Eduardo Bolsonaro. Segundo o\u00a0ministro, se o Brasil registrasse protestos semelhantes aos observados no Chile, algo teria de ser feito. Para ele, um \u201cnovo AI-5\u201d exigiria estudos.<\/p>\n<p>&nbsp;<\/p>\n<p>&#8220;O general tem um pensamento autorit\u00e1rio. N\u00e3o por acaso \u00e9 t\u00e3o pr\u00f3ximo de Bolsonaro&#8221;, destaca outro integrante do Planalto. &#8220;Uma coisa \u00e9 o Heleno num evento p\u00fablico. Outra, \u00e9 o Heleno atuando nos bastidores&#8221;, acrescenta.<\/p>\n<p>&nbsp;<\/p>\n<p>Por mais que queira amenizar suas declara\u00e7\u00f5es,\u00a0 Heleno provocou o Congresso, que j\u00e1 amea\u00e7a n\u00e3o tocar os projetos de interesse do governo, sobretudo as reformas. O presidente da C\u00e2mara, Rodrigo Maia, chamou o chefe do GSI de &#8220;radical ideol\u00f3gico&#8221;. Para o presidente do Senado, Davi Alcolumbre,\u00a0\u201cnenhum ataque \u00e0 democracia ser\u00e1 tolerado pelo Parlamento&#8221;.<\/p>\n<p>&nbsp;<\/p>\n<p><em>Bras\u00edlia, 15h28min<\/em><\/p>\n","protected":false},"excerpt":{"rendered":"<p>Quem acompanha o dia a dia do Pal\u00e1cio do Planalto n\u00e3o se surpreendeu com as declara\u00e7\u00f5es do ministro\u00a0do Gabinete de Seguran\u00e7a Institucional (GSI), Augusto Heleno, que abriram nova\u00a0 crise entre o governo e o Congresso. O general acusou o Legislativo de &#8220;chantagem&#8221; por causa da aprova\u00e7\u00e3o do Or\u00e7amento impositivo, que d\u00e1 direito ao Legislativo de [&hellip;]<\/p>\n","protected":false},"author":22,"featured_media":11753,"comment_status":"open","ping_status":"closed","sticky":false,"template":"","format":"standard","meta":{"footnotes":""},"categories":[600],"tags":[4440,2554,4441,254,4038,549,4442],"class_list":["post-13010","post","type-post","status-publish","format-standard","has-post-thumbnail","hentry","category-economia","tag-augusto-heleno","tag-bolsonaro","tag-chantagem","tag-congresso","tag-militar","tag-orcamento","tag-radical"],"_links":{"self":[{"href":"https:\/\/blogs.correiobraziliense.com.br\/vicente\/wp-json\/wp\/v2\/posts\/13010","targetHints":{"allow":["GET"]}}],"collection":[{"href":"https:\/\/blogs.correiobraziliense.com.br\/vicente\/wp-json\/wp\/v2\/posts"}],"about":[{"href":"https:\/\/blogs.correiobraziliense.com.br\/vicente\/wp-json\/wp\/v2\/types\/post"}],"author":[{"embeddable":true,"href":"https:\/\/blogs.correiobraziliense.com.br\/vicente\/wp-json\/wp\/v2\/users\/22"}],"replies":[{"embeddable":true,"href":"https:\/\/blogs.correiobraziliense.com.br\/vicente\/wp-json\/wp\/v2\/comments?post=13010"}],"version-history":[{"count":1,"href":"https:\/\/blogs.correiobraziliense.com.br\/vicente\/wp-json\/wp\/v2\/posts\/13010\/revisions"}],"predecessor-version":[{"id":13011,"href":"https:\/\/blogs.correiobraziliense.com.br\/vicente\/wp-json\/wp\/v2\/posts\/13010\/revisions\/13011"}],"wp:featuredmedia":[{"embeddable":true,"href":"https:\/\/blogs.correiobraziliense.com.br\/vicente\/wp-json\/wp\/v2\/media\/11753"}],"wp:attachment":[{"href":"https:\/\/blogs.correiobraziliense.com.br\/vicente\/wp-json\/wp\/v2\/media?parent=13010"}],"wp:term":[{"taxonomy":"category","embeddable":true,"href":"https:\/\/blogs.correiobraziliense.com.br\/vicente\/wp-json\/wp\/v2\/categories?post=13010"},{"taxonomy":"post_tag","embeddable":true,"href":"https:\/\/blogs.correiobraziliense.com.br\/vicente\/wp-json\/wp\/v2\/tags?post=13010"}],"curies":[{"name":"wp","href":"https:\/\/api.w.org\/{rel}","templated":true}]}}