{"id":13003,"date":"2020-02-19T10:35:04","date_gmt":"2020-02-19T13:35:04","guid":{"rendered":"https:\/\/blogs.correiobraziliense.com.br\/vicente\/?p=13003"},"modified":"2020-02-19T12:59:22","modified_gmt":"2020-02-19T15:59:22","slug":"pela-reforma-administrativa-concurso-tera-prazo-de-contratacao-temporaria","status":"publish","type":"post","link":"https:\/\/blogs.correiobraziliense.com.br\/vicente\/pela-reforma-administrativa-concurso-tera-prazo-de-contratacao-temporaria\/","title":{"rendered":"Pela reforma administrativa, concurso ter\u00e1 prazo de contrata\u00e7\u00e3o tempor\u00e1ria"},"content":{"rendered":"<h2>A Proposta de Emenda \u00e0 Constitui\u00e7\u00e3o (PEC) que trata da reforma administrativa prev\u00ea que concursos ter\u00e3o prazos de contrata\u00e7\u00e3o tempor\u00e1ria. Com isso, o governo quer evitar ao m\u00e1ximo o incha\u00e7o da m\u00e1quina p\u00fablica.<\/h2>\n<p>&nbsp;<\/p>\n<p>Essas sele\u00e7\u00f5es seriam feitas, sobretudo, em per\u00edodos emergenciais. Alguns \u00f3rg\u00e3os federais, como o Instituto Brasileiro de Geografia e Estat\u00edstica (IBGE), j\u00e1 seguem esse modelo. Vale para os censos, desonerando o caixa da Uni\u00e3o quando o servi\u00e7o acaba.<\/p>\n<p>&nbsp;<\/p>\n<p>Como j\u00e1 salientou o presidente Jair Bolsonaro, que est\u00e1 fazendo as \u00faltimas avalia\u00e7\u00f5es do projeto de reforma administrativa, o governo s\u00f3 far\u00e1 concursos para cargos efetivos quando realmente forem necess\u00e1rios. Ele diz que o Tesouro corre o risco de, mais \u00e0 frente, n\u00e3o ter dinheiro para pagar o funcionalismo.<\/p>\n<p>&nbsp;<\/p>\n<p><strong>Quest\u00e3o de honra<\/strong><\/p>\n<p>&nbsp;<\/p>\n<p>\u00c9 quest\u00e3o de honra para o ministro da Economia, Paulo Guedes, limitar ao m\u00e1ximo a entrada de mais servidores nos quadros da Uni\u00e3o. Na vis\u00e3o dele, a m\u00e1quina est\u00e1 inchada demais, \u00e9 cara e ineficiente. O governo, acredita o ministro, deve priorizar a tecnologia.<\/p>\n<p>&nbsp;<\/p>\n<p>Se prevalecer esse pensamento de Guedes, depois da vota\u00e7\u00e3o da reforma administrativa pelo Congresso, n\u00e3o ser\u00e1 preenchida quase nenhuma das vagas que ser\u00e3o abertas nos \u00f3rg\u00e3os p\u00fablicos depois das aposentadorias que est\u00e3o previstas para os pr\u00f3ximos cinco anos.<\/p>\n<p>&nbsp;<\/p>\n<p>Guedes vem afirmando, em reuni\u00e3o com os t\u00e9cnicos que prepararam o projeto de reforma que est\u00e1 nas m\u00e3os de Bolsonaro, que o Brasil n\u00e3o precisa de mais servidores p\u00fablicos neste momento. Necessita, sim, de maior efici\u00eancia na presta\u00e7\u00e3o de servi\u00e7os \u00e0 sociedade pagadora de impostos.<\/p>\n<p>&nbsp;<\/p>\n<p><strong>Parasitas<\/strong><\/p>\n<p>&nbsp;<\/p>\n<p>O ministro da Economia, por sinal, causou pol\u00eamica recentemente ao comparar os servidores p\u00fablicos a &#8220;parasitas&#8221;. Diante da repercuss\u00e3o negativa, ele pediu desculpas ao funcionalismo e disse que sua declara\u00e7\u00e3o foi tirada do contexto pela imprensa.<\/p>\n<p>&nbsp;<\/p>\n<p>N\u00e3o ser\u00e1 f\u00e1cil para o governo, no entanto, levar adiante a reforma administrativa. Os servidores se organizaram muito bem para tentar barrar as propostas no Congresso. Conseguiram, inclusive, formar uma Frente Parlamentar com quase 300 integrantes.<\/p>\n<p>&nbsp;<\/p>\n<p>&#8220;N\u00e3o vamos dar sossego ao Guedes&#8221;, afirma um representante dos servidores. Para ele, o funcionalismo se beneficiar\u00e1 da falta de articula\u00e7\u00e3o do Planalto no Congresso.<\/p>\n<p>&nbsp;<\/p>\n<p><em>Bras\u00edlia, 10h35min<\/em><\/p>\n","protected":false},"excerpt":{"rendered":"<p>A Proposta de Emenda \u00e0 Constitui\u00e7\u00e3o (PEC) que trata da reforma administrativa prev\u00ea que concursos ter\u00e3o prazos de contrata\u00e7\u00e3o tempor\u00e1ria. Com isso, o governo quer evitar ao m\u00e1ximo o incha\u00e7o da m\u00e1quina p\u00fablica. &nbsp; Essas sele\u00e7\u00f5es seriam feitas, sobretudo, em per\u00edodos emergenciais. Alguns \u00f3rg\u00e3os federais, como o Instituto Brasileiro de Geografia e Estat\u00edstica (IBGE), j\u00e1 [&hellip;]<\/p>\n","protected":false},"author":22,"featured_media":10371,"comment_status":"open","ping_status":"closed","sticky":false,"template":"","format":"standard","meta":{"footnotes":""},"categories":[600],"tags":[4245,2554,254,3613,614,123],"class_list":["post-13003","post","type-post","status-publish","format-standard","has-post-thumbnail","hentry","category-economia","tag-administrativa","tag-bolsonaro","tag-congresso","tag-paulo-guedes","tag-reforma","tag-servidores"],"_links":{"self":[{"href":"https:\/\/blogs.correiobraziliense.com.br\/vicente\/wp-json\/wp\/v2\/posts\/13003","targetHints":{"allow":["GET"]}}],"collection":[{"href":"https:\/\/blogs.correiobraziliense.com.br\/vicente\/wp-json\/wp\/v2\/posts"}],"about":[{"href":"https:\/\/blogs.correiobraziliense.com.br\/vicente\/wp-json\/wp\/v2\/types\/post"}],"author":[{"embeddable":true,"href":"https:\/\/blogs.correiobraziliense.com.br\/vicente\/wp-json\/wp\/v2\/users\/22"}],"replies":[{"embeddable":true,"href":"https:\/\/blogs.correiobraziliense.com.br\/vicente\/wp-json\/wp\/v2\/comments?post=13003"}],"version-history":[{"count":1,"href":"https:\/\/blogs.correiobraziliense.com.br\/vicente\/wp-json\/wp\/v2\/posts\/13003\/revisions"}],"predecessor-version":[{"id":13004,"href":"https:\/\/blogs.correiobraziliense.com.br\/vicente\/wp-json\/wp\/v2\/posts\/13003\/revisions\/13004"}],"wp:featuredmedia":[{"embeddable":true,"href":"https:\/\/blogs.correiobraziliense.com.br\/vicente\/wp-json\/wp\/v2\/media\/10371"}],"wp:attachment":[{"href":"https:\/\/blogs.correiobraziliense.com.br\/vicente\/wp-json\/wp\/v2\/media?parent=13003"}],"wp:term":[{"taxonomy":"category","embeddable":true,"href":"https:\/\/blogs.correiobraziliense.com.br\/vicente\/wp-json\/wp\/v2\/categories?post=13003"},{"taxonomy":"post_tag","embeddable":true,"href":"https:\/\/blogs.correiobraziliense.com.br\/vicente\/wp-json\/wp\/v2\/tags?post=13003"}],"curies":[{"name":"wp","href":"https:\/\/api.w.org\/{rel}","templated":true}]}}