{"id":12991,"date":"2020-02-17T18:17:10","date_gmt":"2020-02-17T21:17:10","guid":{"rendered":"https:\/\/blogs.correiobraziliense.com.br\/vicente\/?p=12991"},"modified":"2020-02-17T20:02:46","modified_gmt":"2020-02-17T23:02:46","slug":"na-esplanada-ministerio-da-economia-desobedece-a-ministra-damares","status":"publish","type":"post","link":"https:\/\/blogs.correiobraziliense.com.br\/vicente\/na-esplanada-ministerio-da-economia-desobedece-a-ministra-damares\/","title":{"rendered":"Na Esplanada, Minist\u00e9rio da Economia desobedece a ministra Damares"},"content":{"rendered":"<p>ROSANA HESSEL<\/p>\n<p>&nbsp;<\/p>\n<p>Apesar de a ministra da Mulher, da Fam\u00edlia e dos Direitos Humanos, Damares Alves, pregar abstin\u00eancia no carnaval, pelo menos no Minist\u00e9rio da Economia, o incentivo \u00e9 o oposto. Nesta segunda-feira (17\/02), caixas de preservativos apareceram nos banheiros femininos e masculinos do bloco P da Esplanada, onde fica o gabinete do ministro Paulo Guedes.<\/p>\n<p>&nbsp;<\/p>\n<p>A distribui\u00e7\u00e3o de camisinhas era uma praxe no extinto Minist\u00e9rio do Planejamento, segundo um funcion\u00e1rio da pasta. O \u00f3rg\u00e3o costumava distribuir milhares de camisinhas masculinas e femininas aos funcion\u00e1rios durante pr\u00e9-carnaval. E\u00a0parece que a tradi\u00e7\u00e3o foi mantida,\u00a0 respeitando campanhas antigas do Minist\u00e9rio da Sa\u00fade no combate \u00e0s doen\u00e7as sexualmente transmiss\u00edveis.<\/p>\n<p>&nbsp;<\/p>\n<p>Logo, ao contr\u00e1rio de Damares, que disse que vai passar o carnaval sem &#8220;rala e rola&#8221;, os servidores v\u00e3o poder aproveitar o pr\u00f3ximo feriado com prote\u00e7\u00e3o gr\u00e1tis.<\/p>\n<p>&nbsp;<\/p>\n<p>Procurado, o Minist\u00e9rio da Economia informou que a distribui\u00e7\u00e3o das camisinhas ocorre nos banheiros de &#8220;maior circula\u00e7\u00e3o&#8221; em todos os pr\u00e9dios da pasta, mas apenas no Distrito Federal. A medida \u00e9 uma campanha conjunta com o Minist\u00e9rio da Sa\u00fade.<\/p>\n","protected":false},"excerpt":{"rendered":"<p>ROSANA HESSEL &nbsp; Apesar de a ministra da Mulher, da Fam\u00edlia e dos Direitos Humanos, Damares Alves, pregar abstin\u00eancia no carnaval, pelo menos no Minist\u00e9rio da Economia, o incentivo \u00e9 o oposto. Nesta segunda-feira (17\/02), caixas de preservativos apareceram nos banheiros femininos e masculinos do bloco P da Esplanada, onde fica o gabinete do ministro [&hellip;]<\/p>\n","protected":false},"author":22,"featured_media":0,"comment_status":"open","ping_status":"closed","sticky":false,"template":"","format":"standard","meta":{"footnotes":""},"categories":[600],"tags":[4438,3138,3666],"class_list":["post-12991","post","type-post","status-publish","format-standard","hentry","category-economia","tag-camisinha","tag-carnaval","tag-ministerio-da-economia"],"_links":{"self":[{"href":"https:\/\/blogs.correiobraziliense.com.br\/vicente\/wp-json\/wp\/v2\/posts\/12991","targetHints":{"allow":["GET"]}}],"collection":[{"href":"https:\/\/blogs.correiobraziliense.com.br\/vicente\/wp-json\/wp\/v2\/posts"}],"about":[{"href":"https:\/\/blogs.correiobraziliense.com.br\/vicente\/wp-json\/wp\/v2\/types\/post"}],"author":[{"embeddable":true,"href":"https:\/\/blogs.correiobraziliense.com.br\/vicente\/wp-json\/wp\/v2\/users\/22"}],"replies":[{"embeddable":true,"href":"https:\/\/blogs.correiobraziliense.com.br\/vicente\/wp-json\/wp\/v2\/comments?post=12991"}],"version-history":[{"count":5,"href":"https:\/\/blogs.correiobraziliense.com.br\/vicente\/wp-json\/wp\/v2\/posts\/12991\/revisions"}],"predecessor-version":[{"id":12997,"href":"https:\/\/blogs.correiobraziliense.com.br\/vicente\/wp-json\/wp\/v2\/posts\/12991\/revisions\/12997"}],"wp:attachment":[{"href":"https:\/\/blogs.correiobraziliense.com.br\/vicente\/wp-json\/wp\/v2\/media?parent=12991"}],"wp:term":[{"taxonomy":"category","embeddable":true,"href":"https:\/\/blogs.correiobraziliense.com.br\/vicente\/wp-json\/wp\/v2\/categories?post=12991"},{"taxonomy":"post_tag","embeddable":true,"href":"https:\/\/blogs.correiobraziliense.com.br\/vicente\/wp-json\/wp\/v2\/tags?post=12991"}],"curies":[{"name":"wp","href":"https:\/\/api.w.org\/{rel}","templated":true}]}}