{"id":12974,"date":"2020-02-13T12:10:39","date_gmt":"2020-02-13T15:10:39","guid":{"rendered":"https:\/\/blogs.correiobraziliense.com.br\/vicente\/?p=12974"},"modified":"2020-02-13T13:32:10","modified_gmt":"2020-02-13T16:32:10","slug":"litro-da-gasolina-sobe-ate-r-040-e-irrita-motoristas","status":"publish","type":"post","link":"https:\/\/blogs.correiobraziliense.com.br\/vicente\/litro-da-gasolina-sobe-ate-r-040-e-irrita-motoristas\/","title":{"rendered":"Litro da gasolina sobe at\u00e9 R$ 0,40 e irrita motoristas"},"content":{"rendered":"<h2>Motoristas est\u00e3o sendo surpreendidos com a mudan\u00e7a repentina nos pre\u00e7os da gasolina nesta quinta-feira, 13 de fevereiro. Em v\u00e1rios postos, os pre\u00e7os nas bombas subiram at\u00e9 R$ 0,40, encostado nos R$ 4,60 o litro.<\/h2>\n<p>&nbsp;<\/p>\n<p>&#8220;Levei um susto quando cheguei ao posto. Pela manh\u00e3, o litro estava sendo vendido a R$ 4,17. Horas depois, passei para abastecer e o valor j\u00e1 tinha passado para R$ 4,57&#8221;, diz Alexandre Ribeiro, 37 anos, motorista de aplicativos.<\/p>\n<p>&nbsp;<\/p>\n<p>Para ele, nada justifica esse aumento repentino. &#8220;\u00c9 inaceit\u00e1vel. N\u00e3o ouvi nada que justificasse tamanho reajuste&#8221;, afirma. Segundo ele, no \u00faltimo fim de semana, os postos tinham dado um forte al\u00edvio para os motoristas. &#8220;Mas a alegria durou pouco&#8221;, frisa.<\/p>\n<p>&nbsp;<\/p>\n<p>Segundo gerente de postos, a ordem para o aumento de pre\u00e7os chegou ao longo da manh\u00e3. Por isso, motoristas presenciaram, em v\u00e1rios postos, a troca de pre\u00e7os nos pain\u00e9is instalados nas entradas dos estabelecimentos. &#8220;S\u00f3 cumprimos ordens&#8221;, relata um dos gerentes.<\/p>\n<p>&nbsp;<\/p>\n<p><strong>Petr\u00f3leo e d\u00f3lar<\/strong><\/p>\n<p>&nbsp;<\/p>\n<p>A Petrobras, que est\u00e1 sob controle cerrado do governo, n\u00e3o anunciou nenhum reajuste de pre\u00e7os nas refinarias. O petr\u00f3leo no exterior est\u00e1 em queda, devido ao impacto do coronav\u00edrus na economia mundial. Somente a disparada do d\u00f3lar justificaria uma alta da gasolina nas bombas.<\/p>\n<p>&nbsp;<\/p>\n<p>Na opini\u00e3o da contadora Sandra Albuquerque, 50, a pol\u00edtica de pre\u00e7os dos combust\u00edveis \u00e9 muito confusa, o que facilita a vida das distribuidoras e dos postos. &#8220;Eles se sentem livres para fazer o que quiserem com os consumidores&#8221;, diz.<\/p>\n<p>&nbsp;<\/p>\n<p>Ela tamb\u00e9m chama a aten\u00e7\u00e3o para a confus\u00e3o em torno dos pre\u00e7os dos combust\u00edveis criada pelo presidente Jair Bolsonaro. &#8220;Ele fica dizendo que os pre\u00e7os s\u00e3o altos por causa dos impostos, pede para os governadores reduzirem o ICMS, mas n\u00e3o abre m\u00e3o dos impostos federais. \u00c9 muita demagogia&#8221;, assinala.<\/p>\n<p>&nbsp;<\/p>\n<p>A perspectiva, se acordo com gerentes de postos, \u00e9 de que a gasolina continue cara nos pr\u00f3ximos dias. &#8220;N\u00e3o temos orienta\u00e7\u00e3o nenhuma para mudar os pre\u00e7os nas bombas para baixo no fim de semana, por exemplo&#8221;, afirma outro gerente.<\/p>\n<p>&nbsp;<\/p>\n<p><em>Bras\u00edlia, 12h10min<\/em><\/p>\n","protected":false},"excerpt":{"rendered":"<p>Motoristas est\u00e3o sendo surpreendidos com a mudan\u00e7a repentina nos pre\u00e7os da gasolina nesta quinta-feira, 13 de fevereiro. Em v\u00e1rios postos, os pre\u00e7os nas bombas subiram at\u00e9 R$ 0,40, encostado nos R$ 4,60 o litro. &nbsp; &#8220;Levei um susto quando cheguei ao posto. Pela manh\u00e3, o litro estava sendo vendido a R$ 4,17. Horas depois, passei [&hellip;]<\/p>\n","protected":false},"author":22,"featured_media":12528,"comment_status":"open","ping_status":"closed","sticky":false,"template":"","format":"standard","meta":{"footnotes":""},"categories":[600],"tags":[133,2554,343,268,2978,390,264],"class_list":["post-12974","post","type-post","status-publish","format-standard","has-post-thumbnail","hentry","category-economia","tag-aumento","tag-bolsonaro","tag-dolar","tag-gasolina","tag-motoristas","tag-precos","tag-reajuste"],"_links":{"self":[{"href":"https:\/\/blogs.correiobraziliense.com.br\/vicente\/wp-json\/wp\/v2\/posts\/12974","targetHints":{"allow":["GET"]}}],"collection":[{"href":"https:\/\/blogs.correiobraziliense.com.br\/vicente\/wp-json\/wp\/v2\/posts"}],"about":[{"href":"https:\/\/blogs.correiobraziliense.com.br\/vicente\/wp-json\/wp\/v2\/types\/post"}],"author":[{"embeddable":true,"href":"https:\/\/blogs.correiobraziliense.com.br\/vicente\/wp-json\/wp\/v2\/users\/22"}],"replies":[{"embeddable":true,"href":"https:\/\/blogs.correiobraziliense.com.br\/vicente\/wp-json\/wp\/v2\/comments?post=12974"}],"version-history":[{"count":1,"href":"https:\/\/blogs.correiobraziliense.com.br\/vicente\/wp-json\/wp\/v2\/posts\/12974\/revisions"}],"predecessor-version":[{"id":12975,"href":"https:\/\/blogs.correiobraziliense.com.br\/vicente\/wp-json\/wp\/v2\/posts\/12974\/revisions\/12975"}],"wp:featuredmedia":[{"embeddable":true,"href":"https:\/\/blogs.correiobraziliense.com.br\/vicente\/wp-json\/wp\/v2\/media\/12528"}],"wp:attachment":[{"href":"https:\/\/blogs.correiobraziliense.com.br\/vicente\/wp-json\/wp\/v2\/media?parent=12974"}],"wp:term":[{"taxonomy":"category","embeddable":true,"href":"https:\/\/blogs.correiobraziliense.com.br\/vicente\/wp-json\/wp\/v2\/categories?post=12974"},{"taxonomy":"post_tag","embeddable":true,"href":"https:\/\/blogs.correiobraziliense.com.br\/vicente\/wp-json\/wp\/v2\/tags?post=12974"}],"curies":[{"name":"wp","href":"https:\/\/api.w.org\/{rel}","templated":true}]}}