{"id":12961,"date":"2020-02-07T07:20:05","date_gmt":"2020-02-07T10:20:05","guid":{"rendered":"https:\/\/blogs.correiobraziliense.com.br\/vicente\/?p=12961"},"modified":"2020-02-07T18:40:52","modified_gmt":"2020-02-07T21:40:52","slug":"um-exemplo-de-como-tratar-o-meio-ambiente","status":"publish","type":"post","link":"https:\/\/blogs.correiobraziliense.com.br\/vicente\/um-exemplo-de-como-tratar-o-meio-ambiente\/","title":{"rendered":"Um exemplo de como tratar o meio ambiente"},"content":{"rendered":"<p>Para celebrar a parceria entre a Secretaria Municipal de Meio Ambiente e a ONG Route Brasil na campanha Praia Urgente, aulas de yoga, Djs, jogos de altinho, apresenta\u00e7\u00e3o de cantores e treinamento de bodysurf ir\u00e3o embalar a campanha deste s\u00e1bado (08\/02), em S\u00e3o Conrado, Zona Sul do Rio de Janeiro.<\/p>\n<p>&nbsp;<\/p>\n<p>A institui\u00e7\u00e3o brasileira, com sedes globais na Calif\u00f3rnia, em Portugal e na Dinamarca, tem presen\u00e7a forte no Rio e foi respons\u00e1vel por organizar o maior abra\u00e7o na beira da praia do mundo no ano passado, reunindo 20 mil pessoas da Barra at\u00e9 o Recreio dos Bandeirantes.<\/p>\n<p>&nbsp;<\/p>\n<p>O objetivo da parceria \u00e9 potencializar e estimular a consci\u00eancia ambiental, promovendo mutir\u00f5es para a limpeza das praias. Somente no #Aquele Abra\u00e7o no ano passado foram recolhidos 1,5 tonelada de vidros; 1,2 tonelada de pl\u00e1sticos, 779 Kg de papel; 492 Kg de res\u00edduos n\u00e3o recicl\u00e1veis, como madeira, c\u00f4co, areia, borracha e org\u00e2nicos.<\/p>\n<p>&nbsp;<\/p>\n<p>Agora, ser\u00e3o promovidas a\u00e7\u00f5es em 10 praias do Rio at\u00e9 o final do ver\u00e3o. \u201cSomente com parcerias e com a expertise de ONGs, como a da Route Brasil, reconhecida internacionalmente, conseguiremos sensibilizar governos de todo o mundo da import\u00e2ncia do meio ambiente, que influencia o planeta\u201d, destaca o secret\u00e1rio Municipal de Meio Ambiente do Rio, Bernardo Egas.<\/p>\n<p>&nbsp;<\/p>\n<p>O fundador da ONG Brasil Route, Sim\u00e3o Felipe, \u00e9 enf\u00e1tico: \u201c\u00c9 hora de a\u00e7\u00f5es planejadas que resultem em benef\u00edcio do meio ambiente. O que ocorre hoje no planeta n\u00e3o nos permite mais tempo para discuss\u00f5es fechadas. Para se engajar, a sociedade tem que conhecer e saber das graves consequ\u00eancias que ocorrem ao meio ambiente, e isso passa, necessariamente, sobre como comunicar por One Voice\u201d, diz o catarinense, que adotou o Rio de Janeiro em 2011 e fundou a Route, reconhecida internacionalmente e que j\u00e1 conta com 20 mil volunt\u00e1rios inscritos.<\/p>\n<p>&nbsp;<\/p>\n<p><em>Bras\u00edlia, 07h20min<\/em><\/p>\n","protected":false},"excerpt":{"rendered":"<p>Para celebrar a parceria entre a Secretaria Municipal de Meio Ambiente e a ONG Route Brasil na campanha Praia Urgente, aulas de yoga, Djs, jogos de altinho, apresenta\u00e7\u00e3o de cantores e treinamento de bodysurf ir\u00e3o embalar a campanha deste s\u00e1bado (08\/02), em S\u00e3o Conrado, Zona Sul do Rio de Janeiro. &nbsp; A institui\u00e7\u00e3o brasileira, com [&hellip;]<\/p>\n","protected":false},"author":22,"featured_media":0,"comment_status":"open","ping_status":"closed","sticky":false,"template":"","format":"standard","meta":{"footnotes":""},"categories":[600],"tags":[4427,4428,460,4426,273],"class_list":["post-12961","post","type-post","status-publish","format-standard","hentry","category-economia","tag-abraco","tag-brasil-route","tag-meio-ambiente","tag-praia","tag-rio"],"_links":{"self":[{"href":"https:\/\/blogs.correiobraziliense.com.br\/vicente\/wp-json\/wp\/v2\/posts\/12961","targetHints":{"allow":["GET"]}}],"collection":[{"href":"https:\/\/blogs.correiobraziliense.com.br\/vicente\/wp-json\/wp\/v2\/posts"}],"about":[{"href":"https:\/\/blogs.correiobraziliense.com.br\/vicente\/wp-json\/wp\/v2\/types\/post"}],"author":[{"embeddable":true,"href":"https:\/\/blogs.correiobraziliense.com.br\/vicente\/wp-json\/wp\/v2\/users\/22"}],"replies":[{"embeddable":true,"href":"https:\/\/blogs.correiobraziliense.com.br\/vicente\/wp-json\/wp\/v2\/comments?post=12961"}],"version-history":[{"count":1,"href":"https:\/\/blogs.correiobraziliense.com.br\/vicente\/wp-json\/wp\/v2\/posts\/12961\/revisions"}],"predecessor-version":[{"id":12962,"href":"https:\/\/blogs.correiobraziliense.com.br\/vicente\/wp-json\/wp\/v2\/posts\/12961\/revisions\/12962"}],"wp:attachment":[{"href":"https:\/\/blogs.correiobraziliense.com.br\/vicente\/wp-json\/wp\/v2\/media?parent=12961"}],"wp:term":[{"taxonomy":"category","embeddable":true,"href":"https:\/\/blogs.correiobraziliense.com.br\/vicente\/wp-json\/wp\/v2\/categories?post=12961"},{"taxonomy":"post_tag","embeddable":true,"href":"https:\/\/blogs.correiobraziliense.com.br\/vicente\/wp-json\/wp\/v2\/tags?post=12961"}],"curies":[{"name":"wp","href":"https:\/\/api.w.org\/{rel}","templated":true}]}}