{"id":12880,"date":"2020-02-05T15:35:34","date_gmt":"2020-02-05T18:35:34","guid":{"rendered":"https:\/\/blogs.correiobraziliense.com.br\/vicente\/?p=12880"},"modified":"2020-02-05T19:17:13","modified_gmt":"2020-02-05T22:17:13","slug":"cheiro-de-fumaca-assusta-funcionarios-do-4o-andar-da-camara-dos-deputados","status":"publish","type":"post","link":"https:\/\/blogs.correiobraziliense.com.br\/vicente\/cheiro-de-fumaca-assusta-funcionarios-do-4o-andar-da-camara-dos-deputados\/","title":{"rendered":"Cheiro de fuma\u00e7a assusta funcion\u00e1rios do 4\u00ba andar da C\u00e2mara dos Deputados"},"content":{"rendered":"<h2>Os brigadistas foram chamados por funcion\u00e1rios do 4\u00ba andar do anexo IV da C\u00e2mara dos Deputados por causa de um forte cheiro de fuma\u00e7a.<\/h2>\n<p>&nbsp;<\/p>\n<p>Muitos ficaram nervosos, pois n\u00e3o sabiam como agir. Os brigadistas tentam descobrir de onde vem o cheiro. Segundo um deles, o cheiro forte de queimado podia ser sentido no corredor e chegou at\u00e9 o segundo andar do pr\u00e9dio.<\/p>\n<p>&nbsp;<\/p>\n<p>O nervosismo \u00e9 explic\u00e1vel: h\u00e1 cerca de duas semanas houve uma\u00a0inunda\u00e7\u00e3o no 9\u00ba andar. A \u00e1gua chegou ao t\u00e9rreo do pr\u00e9dio.<\/p>\n<p>&nbsp;<\/p>\n<p>De acordo com os brigadistas, n\u00e3o foi identificada a origem do cheiro que era sentido nas salas do quarto andar , que era mais forte pr\u00f3ximo \u00e0s sa\u00eddas do ar condicionado.<\/p>\n<p>&nbsp;<\/p>\n<p>Os t\u00e9cnicos do sistema de refrigera\u00e7\u00e3o tamb\u00e9m foram acionados, mas n\u00e3o encontraram um curto circuito ou algo que pudesse ter provocado o cheiro de queimado, que acabou dissipado em menos de uma hora depois do aviso de uma funcion\u00e1ria do pr\u00e9dio.<\/p>\n<p>&nbsp;<\/p>\n<p><em>Bras\u00edlia, 15h35min<\/em><\/p>\n","protected":false},"excerpt":{"rendered":"<p>Os brigadistas foram chamados por funcion\u00e1rios do 4\u00ba andar do anexo IV da C\u00e2mara dos Deputados por causa de um forte cheiro de fuma\u00e7a. &nbsp; Muitos ficaram nervosos, pois n\u00e3o sabiam como agir. Os brigadistas tentam descobrir de onde vem o cheiro. Segundo um deles, o cheiro forte de queimado podia ser sentido no corredor [&hellip;]<\/p>\n","protected":false},"author":22,"featured_media":12881,"comment_status":"open","ping_status":"closed","sticky":false,"template":"","format":"standard","meta":{"footnotes":""},"categories":[600],"tags":[134,4417,2497,4418],"class_list":["post-12880","post","type-post","status-publish","format-standard","has-post-thumbnail","hentry","category-economia","tag-camara","tag-cheiro","tag-deputados","tag-fumaca"],"_links":{"self":[{"href":"https:\/\/blogs.correiobraziliense.com.br\/vicente\/wp-json\/wp\/v2\/posts\/12880","targetHints":{"allow":["GET"]}}],"collection":[{"href":"https:\/\/blogs.correiobraziliense.com.br\/vicente\/wp-json\/wp\/v2\/posts"}],"about":[{"href":"https:\/\/blogs.correiobraziliense.com.br\/vicente\/wp-json\/wp\/v2\/types\/post"}],"author":[{"embeddable":true,"href":"https:\/\/blogs.correiobraziliense.com.br\/vicente\/wp-json\/wp\/v2\/users\/22"}],"replies":[{"embeddable":true,"href":"https:\/\/blogs.correiobraziliense.com.br\/vicente\/wp-json\/wp\/v2\/comments?post=12880"}],"version-history":[{"count":8,"href":"https:\/\/blogs.correiobraziliense.com.br\/vicente\/wp-json\/wp\/v2\/posts\/12880\/revisions"}],"predecessor-version":[{"id":12889,"href":"https:\/\/blogs.correiobraziliense.com.br\/vicente\/wp-json\/wp\/v2\/posts\/12880\/revisions\/12889"}],"wp:featuredmedia":[{"embeddable":true,"href":"https:\/\/blogs.correiobraziliense.com.br\/vicente\/wp-json\/wp\/v2\/media\/12881"}],"wp:attachment":[{"href":"https:\/\/blogs.correiobraziliense.com.br\/vicente\/wp-json\/wp\/v2\/media?parent=12880"}],"wp:term":[{"taxonomy":"category","embeddable":true,"href":"https:\/\/blogs.correiobraziliense.com.br\/vicente\/wp-json\/wp\/v2\/categories?post=12880"},{"taxonomy":"post_tag","embeddable":true,"href":"https:\/\/blogs.correiobraziliense.com.br\/vicente\/wp-json\/wp\/v2\/tags?post=12880"}],"curies":[{"name":"wp","href":"https:\/\/api.w.org\/{rel}","templated":true}]}}