{"id":12874,"date":"2020-02-05T13:08:18","date_gmt":"2020-02-05T16:08:18","guid":{"rendered":"https:\/\/blogs.correiobraziliense.com.br\/vicente\/?p=12874"},"modified":"2020-02-05T13:10:17","modified_gmt":"2020-02-05T16:10:17","slug":"os-mortos-vivos-e-o-que-a-ficcao-pode-ensinar-sobre-as-fake-news-2","status":"publish","type":"post","link":"https:\/\/blogs.correiobraziliense.com.br\/vicente\/os-mortos-vivos-e-o-que-a-ficcao-pode-ensinar-sobre-as-fake-news-2\/","title":{"rendered":"Os mortos vivos e o que a fic\u00e7\u00e3o pode ensinar sobre as fake news"},"content":{"rendered":"<p><span style=\"font-weight: 400\">LUIZ CALCAGNO<\/span><\/p>\n<p>&nbsp;<\/p>\n<p>&nbsp;<\/p>\n<p><span style=\"font-weight: 400\">O cineasta George Andrew Romero deu cara e for\u00e7a a um g\u00eanero cinematogr\u00e1fico de terror que apresenta como elemento principal os mortos vivos. O primeiro filme da s\u00e9rie, e provavelmente o mais profundo de todos \u00e9 o cl\u00e1ssico <em>Night of the living dead<\/em> (1968), ou, em portugu\u00eas, A noite dos mortos vivos, que coloca os protagonistas presos em uma casa cercada pelas criaturas. Ningu\u00e9m sabe como come\u00e7ou, s\u00f3 que eles est\u00e3o trancados e com parcos recursos para sobreviver. Sair significa juntar-se a horda. Mas n\u00e3o \u00e9 t\u00e3o simples. Os principais inimigos n\u00e3o s\u00e3o os mortos, mas, os medos e preconceitos daquele grupo confinado e obrigado a conviver.<\/span><\/p>\n<p>&nbsp;<\/p>\n<p>&nbsp;<\/p>\n<p><span style=\"font-weight: 400\">O mais sensato dos personagens \u00e9 um homem negro. Por conta da cor de sua pele, ele tem dificuldades em se fazer ouvir pelos outros. H\u00e1, ainda, um pai e uma m\u00e3e, que escondem no por\u00e3o a filha contaminada pelos mortos. Uma bomba rel\u00f3gio do lado de dentro. Uma excelente met\u00e1fora para um sacrif\u00edcio de amor, mas, tamb\u00e9m, para a hipocrisia da imagem da fam\u00edlia que esconde aqueles que ama por serem, de alguma forma, diferentes. O inesperado disso tudo \u00e9 a met\u00e1fora cair t\u00e3o bem em um momento em que as fake news (que tamb\u00e9m j\u00e1 foram abordadas em um dos filmes de Romero &#8211; O di\u00e1rio dos mortos) ocupam um espa\u00e7o t\u00e3o grande no debate p\u00fablico.\u00a0<\/span><\/p>\n<p>&nbsp;<\/p>\n<p>&nbsp;<\/p>\n<p><span style=\"font-weight: 400\">Brasileiros de diferentes realidades, cercados pelas falsas informa\u00e7\u00f5es e brigando entre si, presos a um mesmo governo. A compara\u00e7\u00e3o por\u00e9m, \u00e9 ainda mais literal que parece. Em conversa com o <\/span><b>Correio<\/b><span style=\"font-weight: 400\">, o presidente da Comiss\u00e3o Parlamentar Mista de Inqu\u00e9rito (CPMI) das Fake News, senador Angelo Coronel (PSD-BA), revelou que, para criar falsos perfis de whatsapp e disseminar os textos mentirosos, os respons\u00e1veis pelo trabalho sujo usam o Cadastro de Pessoa F\u00edsica (CPF) de pessoas que j\u00e1 morreram e, agora, sem descanso, est\u00e3o condenadas a disparar mentiras para os conturbados grupos familiares, por exemplo.<\/span><\/p>\n<p>&nbsp;<\/p>\n<p>&nbsp;<\/p>\n<p><b>Combatendo os mortos<\/b><\/p>\n<p><span style=\"font-weight: 400\">Na fic\u00e7\u00e3o de 1968, armados, um grupo de caipiras (em ingl\u00eas, rednecks) conseguem controlar a situa\u00e7\u00e3o e, por assim dizer, matar os que j\u00e1 estavam mortos. Na casa, por\u00e9m o bando pouco sabe do que ocorreu. Eliminaram a grande amea\u00e7a, mas conservaram os medos e preconceitos, estes, bem vivos e dif\u00edceis de se combater. Na vida real, por\u00e9m, a ferramenta para combater os mortos vivos \u00e9 a legisla\u00e7\u00e3o.\u00a0<\/span><\/p>\n<p>&nbsp;<\/p>\n<p>&nbsp;<\/p>\n<p><span style=\"font-weight: 400\">Na primeira sess\u00e3o da CPMI ap\u00f3s o recesso, marcada para \u00e0s 14h desta quarta-feira (5\/2), o colegiado ir\u00e1 votar os pedidos de quebra de sigilo de perfis de Twitter e Instagram. Em sua maioria, s\u00e3o contas citadas pelos deputados federais Alexandre Frota (PSDB-SP) e Joice Hasselmann (PSL-SP) durante os respectivos depoimentos. Entre os perfis est\u00e3o os dos integrantes do que deputados chamam de \u201cGabinete do \u00d3dio\u201d, que funcionaria no Pal\u00e1cio do Planalto. H\u00e1, ainda, o dos necromantes respons\u00e1veis por ressuscitar os CPFs de quem j\u00e1 morreu e merecia o descanso eterno.<\/span><\/p>\n<p>&nbsp;<\/p>\n<p>&nbsp;<\/p>\n<p><span style=\"font-weight: 400\">Para coibir o ass\u00e9dio aos vivos e aos mortos, Angelo Coronel elaborou um projeto de lei para obrigar que a compra de chip pr\u00e9-pago ocorra somente nas lojas e mediante a apresenta\u00e7\u00e3o do CPF cadastrado na Receita Federal. A inten\u00e7\u00e3o \u00e9 evitar o uso dos cadastros dos mortos. Nos bastidores, parlamentares cogitam tornar obrigat\u00f3rio, tamb\u00e9m, o uso de CPFs para a cria\u00e7\u00e3o de perfis em todas as redes sociais, para facilitar o rastreio de milicianos digitais e disseminadores de fake news. A ideia seria, inclusive, for\u00e7ar um recadastro dos perfis que n\u00e3o registraram o CPF dos usu\u00e1rios.<\/span><\/p>\n<p>&nbsp;<\/p>\n<p>&nbsp;<\/p>\n<p><b>E o PT?<\/b><\/p>\n<p><span style=\"font-weight: 400\">Deputados votar\u00e3o, ainda, requerimentos de pedido de informa\u00e7\u00f5es ao Minist\u00e9rio P\u00fablico Federal sobre as investiga\u00e7\u00f5es da Lava Jato. O caso em quest\u00e3o \u00e9 o suposto uso de dinheiro da Petrobras no pagamento de R$ 200 mil para a reativa\u00e7\u00e3o do perfil \u201cDilma Bolada\u201d, que apoiava a ex-presidente Dilma Rousseff. Os governistas da CPI tamb\u00e9m querem informa\u00e7\u00f5es do Twitter, Facebook, TSE e MPF sobre o \u201cMensalinho do Twitter\u201d, em que, nas elei\u00e7\u00f5es de 2018, candidatos do PT teriam pago para que influenciadores digitais para fazerem postagens favor\u00e1veis \u00e0s candidaturas sem, no entanto, especificar que se tratava de campanha eleitoral.<\/span><\/p>\n<p>&nbsp;<\/p>\n<p>&nbsp;<\/p>\n<p><span style=\"font-weight: 400\">O \u00faltimo item da pauta \u00e9 um requerimento do pr\u00f3prio Angelo Coronel (PSD-BA). Com base em um estudo da Sociedade Brasileira de Imuniza\u00e7\u00f5es, o presidente da comiss\u00e3o quer que o Google e o Facebook enviem informa\u00e7\u00f5es de registro, acesso, postagens e demais dados de perfis e sites apontados em como grandes disseminadores de Fake News sobre sa\u00fade no Brasil. Esses mesmos grupos s\u00e3o suspeitos de promover ataques contra temas de sa\u00fade p\u00fablica mas, tamb\u00e9m, a advers\u00e1rios pol\u00edticos.<\/span><\/p>\n<p>&nbsp;<\/p>\n<p>&nbsp;<\/p>\n<p><span style=\"font-weight: 400\">O presidente da CPMI tem realizado um esfor\u00e7o constante para evitar a polariza\u00e7\u00e3o dos trabalhos, contra a direita ou contra a esquerda. Trabalha para evitar que a comiss\u00e3o se transforme na mans\u00e3o cercada de mortos vivos do filme de Romero, com dois extremos se digladiando, cercados pelos mortos vivos transmissores de fake news. Em ano de elei\u00e7\u00f5es municipais, em que ser\u00e3o eleitos a maioria dos pol\u00edticos do Brasil, o esfor\u00e7o se parece muito com o realizado na fic\u00e7\u00e3o, para deter uma doen\u00e7a em que \u00e9 muito dif\u00edcil eliminar os vetores e as chances de contamina\u00e7\u00e3o s\u00e3o de quase 100%.\u00a0<\/span><\/p>\n","protected":false},"excerpt":{"rendered":"<p>LUIZ CALCAGNO &nbsp; &nbsp; O cineasta George Andrew Romero deu cara e for\u00e7a a um g\u00eanero cinematogr\u00e1fico de terror que apresenta como elemento principal os mortos vivos. O primeiro filme da s\u00e9rie, e provavelmente o mais profundo de todos \u00e9 o cl\u00e1ssico Night of the living dead (1968), ou, em portugu\u00eas, A noite dos mortos [&hellip;]<\/p>\n","protected":false},"author":22,"featured_media":0,"comment_status":"open","ping_status":"closed","sticky":false,"template":"","format":"standard","meta":{"footnotes":""},"categories":[600],"tags":[],"class_list":["post-12874","post","type-post","status-publish","format-standard","hentry","category-economia"],"_links":{"self":[{"href":"https:\/\/blogs.correiobraziliense.com.br\/vicente\/wp-json\/wp\/v2\/posts\/12874","targetHints":{"allow":["GET"]}}],"collection":[{"href":"https:\/\/blogs.correiobraziliense.com.br\/vicente\/wp-json\/wp\/v2\/posts"}],"about":[{"href":"https:\/\/blogs.correiobraziliense.com.br\/vicente\/wp-json\/wp\/v2\/types\/post"}],"author":[{"embeddable":true,"href":"https:\/\/blogs.correiobraziliense.com.br\/vicente\/wp-json\/wp\/v2\/users\/22"}],"replies":[{"embeddable":true,"href":"https:\/\/blogs.correiobraziliense.com.br\/vicente\/wp-json\/wp\/v2\/comments?post=12874"}],"version-history":[{"count":2,"href":"https:\/\/blogs.correiobraziliense.com.br\/vicente\/wp-json\/wp\/v2\/posts\/12874\/revisions"}],"predecessor-version":[{"id":12876,"href":"https:\/\/blogs.correiobraziliense.com.br\/vicente\/wp-json\/wp\/v2\/posts\/12874\/revisions\/12876"}],"wp:attachment":[{"href":"https:\/\/blogs.correiobraziliense.com.br\/vicente\/wp-json\/wp\/v2\/media?parent=12874"}],"wp:term":[{"taxonomy":"category","embeddable":true,"href":"https:\/\/blogs.correiobraziliense.com.br\/vicente\/wp-json\/wp\/v2\/categories?post=12874"},{"taxonomy":"post_tag","embeddable":true,"href":"https:\/\/blogs.correiobraziliense.com.br\/vicente\/wp-json\/wp\/v2\/tags?post=12874"}],"curies":[{"name":"wp","href":"https:\/\/api.w.org\/{rel}","templated":true}]}}