{"id":12865,"date":"2020-02-04T19:06:29","date_gmt":"2020-02-04T22:06:29","guid":{"rendered":"https:\/\/blogs.correiobraziliense.com.br\/vicente\/?p=12865"},"modified":"2020-02-04T20:41:17","modified_gmt":"2020-02-04T23:41:17","slug":"economistas-admitem-que-brasil-pode-crescer-menos-que-o-esperado-2-esta-virando-teto","status":"publish","type":"post","link":"https:\/\/blogs.correiobraziliense.com.br\/vicente\/economistas-admitem-que-brasil-pode-crescer-menos-que-o-esperado-2-esta-virando-teto\/","title":{"rendered":"Economistas admitem que Brasil pode crescer menos que o esperado: 2% est\u00e1 virando teto"},"content":{"rendered":"<h2>A euforia demonstrada pelo governo em rela\u00e7\u00e3o ao crescimento econ\u00f4mico j\u00e1 n\u00e3o contamina mais os economistas do setor privado. Diante dos sinais evidentes de fragilidade da atividade, muitos passaram a prever que, na melhor das hip\u00f3teses, o Produto Interno Bruto (PIB) deste ano crescer\u00e1 2%. Essa estimativa est\u00e1 virando teto.<\/h2>\n<p>&nbsp;<\/p>\n<p>Para os especialistas, o consumo das fam\u00edlias perdeu for\u00e7a, depois do impacto da libera\u00e7\u00e3o dos saques do Fundo de Garantia do Tempo de Servi\u00e7o (FGTS), e a ind\u00fastria voltou a titubear (fechou 2019 com queda de 1,1%). As encomendas do com\u00e9rcio desabaram nos \u00faltimos dois meses.<\/p>\n<p>&nbsp;<\/p>\n<p>Al\u00e9m disso, os investidores, sobretudo os estrangeiros, est\u00e3o desanimados com os rumos do governo. Ainda que a equipe econ\u00f4mica esteja tentando levar adiante projetos importantes de reformas estruturais, o presidente Jair Bolsonaro n\u00e3o desperta confian\u00e7a suficiente para estimular o aumento do parque produtivo.<\/p>\n<p>&nbsp;<\/p>\n<p>Na avalia\u00e7\u00e3o dos economistas, com os juros nos atuais patamares, de 4,5% ao ano (podendo baixar para 4,25% ou para 4% nesta quarta-feira, 5 de janeiro), era para a economia estar deslanchando, mas o empresariado n\u00e3o comprou a vers\u00e3o de que, desta vez, o pa\u00eds dar\u00e1 saltos expressivos.<\/p>\n<p>&nbsp;<\/p>\n<p><strong>Impacto do coronav\u00edrus<\/strong><\/p>\n<p>&nbsp;<\/p>\n<p>Para piorar, o Brasil e o mundo foram atropelados pelo coronav\u00edrus, que parou a China. A situa\u00e7\u00e3o \u00e9 t\u00e3o grave na segunda economia do planeta, que a capital do pa\u00eds, Pequim, est\u00e1 praticamente parada, parece uma cidade fantasma \u2014 80% das lojas est\u00e3o fechadas por causa do medo da contamina\u00e7\u00e3o. Esse quadro se repete em v\u00e1rias regi\u00f5es da China.<\/p>\n<p>&nbsp;<\/p>\n<p>Dois dos primeiros bancos a revisarem para baixo a previs\u00e3o de crescimento do Brasil neste m\u00eas foram o su\u00ed\u00e7o UBS e o franc\u00eas BNP Paribas. Pelos c\u00e1lculos do UBS, em vez de 2,5%, o Brasil avan\u00e7ar\u00e1 apenas 2,1%. Esse n\u00famero ainda poder\u00e1 ser revisto, caso a desacelera\u00e7\u00e3o da China seja maior do que o previsto. A China \u00e9 o principal parceiro comercial do Brasil.<\/p>\n<p>&nbsp;<\/p>\n<p>Nas contas do BNP Paribas, o risco \u00e9 de o Brasil n\u00e3o crescer sequer os 2% que estava prevendo. Os pre\u00e7os das principais mercadorias exportadas pelo Brasil para a China est\u00e3o em queda livre. E esse quadro n\u00e3o deve se reverter t\u00e3o cedo, uma vez que n\u00e3o se sabe o impacto real do coronav\u00edrus no PIB chin\u00eas.<\/p>\n<p>&nbsp;<\/p>\n<p>N\u00e3o por acaso, os analistas dizem que o Banco Central rasgar\u00e1 a cartilha do conservadorismo e cortar\u00e1 a taxa b\u00e1sica de juros nesta quarta-feira (05\/01) e poder\u00e1 estender esse movimento pelos pr\u00f3ximos meses, at\u00e9 o indicador cravar 3,75% ao ano. Se isso ocorrer, o Brasil correr\u00e1 o risco de conviver com taxas de juros negativas, como em boa parte do mundo desenvolvido.<\/p>\n<p>&nbsp;<\/p>\n<p><em>Bras\u00edlia, 19h06min<\/em><\/p>\n","protected":false},"excerpt":{"rendered":"<p>A euforia demonstrada pelo governo em rela\u00e7\u00e3o ao crescimento econ\u00f4mico j\u00e1 n\u00e3o contamina mais os economistas do setor privado. Diante dos sinais evidentes de fragilidade da atividade, muitos passaram a prever que, na melhor das hip\u00f3teses, o Produto Interno Bruto (PIB) deste ano crescer\u00e1 2%. Essa estimativa est\u00e1 virando teto. &nbsp; Para os especialistas, o [&hellip;]<\/p>\n","protected":false},"author":22,"featured_media":11454,"comment_status":"open","ping_status":"closed","sticky":false,"template":"","format":"standard","meta":{"footnotes":""},"categories":[600],"tags":[992,4416,2554,378,246,113,4,58,2763],"class_list":["post-12865","post","type-post","status-publish","format-standard","has-post-thumbnail","hentry","category-economia","tag-992","tag-bnp-paribas","tag-bolsonaro","tag-brasil","tag-china","tag-crescimento","tag-juros","tag-pib","tag-ubs"],"_links":{"self":[{"href":"https:\/\/blogs.correiobraziliense.com.br\/vicente\/wp-json\/wp\/v2\/posts\/12865","targetHints":{"allow":["GET"]}}],"collection":[{"href":"https:\/\/blogs.correiobraziliense.com.br\/vicente\/wp-json\/wp\/v2\/posts"}],"about":[{"href":"https:\/\/blogs.correiobraziliense.com.br\/vicente\/wp-json\/wp\/v2\/types\/post"}],"author":[{"embeddable":true,"href":"https:\/\/blogs.correiobraziliense.com.br\/vicente\/wp-json\/wp\/v2\/users\/22"}],"replies":[{"embeddable":true,"href":"https:\/\/blogs.correiobraziliense.com.br\/vicente\/wp-json\/wp\/v2\/comments?post=12865"}],"version-history":[{"count":1,"href":"https:\/\/blogs.correiobraziliense.com.br\/vicente\/wp-json\/wp\/v2\/posts\/12865\/revisions"}],"predecessor-version":[{"id":12866,"href":"https:\/\/blogs.correiobraziliense.com.br\/vicente\/wp-json\/wp\/v2\/posts\/12865\/revisions\/12866"}],"wp:featuredmedia":[{"embeddable":true,"href":"https:\/\/blogs.correiobraziliense.com.br\/vicente\/wp-json\/wp\/v2\/media\/11454"}],"wp:attachment":[{"href":"https:\/\/blogs.correiobraziliense.com.br\/vicente\/wp-json\/wp\/v2\/media?parent=12865"}],"wp:term":[{"taxonomy":"category","embeddable":true,"href":"https:\/\/blogs.correiobraziliense.com.br\/vicente\/wp-json\/wp\/v2\/categories?post=12865"},{"taxonomy":"post_tag","embeddable":true,"href":"https:\/\/blogs.correiobraziliense.com.br\/vicente\/wp-json\/wp\/v2\/tags?post=12865"}],"curies":[{"name":"wp","href":"https:\/\/api.w.org\/{rel}","templated":true}]}}