{"id":12863,"date":"2020-02-04T13:50:56","date_gmt":"2020-02-04T16:50:56","guid":{"rendered":"https:\/\/blogs.correiobraziliense.com.br\/vicente\/?p=12863"},"modified":"2020-02-04T20:01:27","modified_gmt":"2020-02-04T23:01:27","slug":"uniao-europeia-aguarda-brasil-para-marcar-reuniao-de-cupula","status":"publish","type":"post","link":"https:\/\/blogs.correiobraziliense.com.br\/vicente\/uniao-europeia-aguarda-brasil-para-marcar-reuniao-de-cupula\/","title":{"rendered":"Uni\u00e3o Europeia aguarda Brasil para marcar reuni\u00e3o de c\u00fapula"},"content":{"rendered":"<h2>CL\u00c1UDIA DIANNI<\/h2>\n<h2><\/h2>\n<h2>A Comiss\u00e3o Europeia aguarda o governo brasileiro para marcar data para a realiza\u00e7\u00e3o do VIII Encontro de C\u00fapula Brasil-Uni\u00e3o Europeia (UE). Espera-se que o encontro bilateral, que ocorreu pela \u00faltima vez em 2014, seja realizado ainda no primeiro semestre. O convite para retomar as reuni\u00f5es bilaterais foi feito pela atual administra\u00e7\u00e3o no in\u00edcio do ano passado, mas a nova comiss\u00e1ria europeia, a alem\u00e3 Ursula Von Der Leyen, que assumiu o posto em novembro de 2019, ainda aguarda contato da chancelaria brasileira para marcar o evento, que deve acontecer em Bras\u00edlia.<\/h2>\n<h2><\/h2>\n<p>De acordo com o embaixador da Uni\u00e3o Europeia no Brasil, Ign\u00e1cio Yba\u00f1ez, a data do encontro bilateral Brasil-UE n\u00e3o est\u00e1 condicionado \u00e0 divulga\u00e7\u00e3o do texto final do acordo entre a Uni\u00e3o Europeia e o Mercosul, divulgado em maio do ano passado, depois de 20 anos de negocia\u00e7\u00e3o. O texto final do acordo, que inclui aspectos pol\u00edticos e relacionados a meio ambiente e direitos humanos, al\u00e9m do comercial, ainda passa pelo escrut\u00ednio jur\u00eddico da Comiss\u00e3o Europeia, em Bruxelas, al\u00e9m da tradu\u00e7\u00e3o para os 24 idiomas do bloco.<\/p>\n<p>&nbsp;<\/p>\n<p>\u201cDepois dessa etapa, \u00e9 que o texto final do acordo ser\u00e1 divulgado, o que deve acontecer no segundo semestre. Mas n\u00e3o \u00e9 necess\u00e1rio esperar por isso para marcar a cimeira Brasil-Uni\u00e3o Europeia, pois h\u00e1 muitos assuntos na agenda bilateral, como o Green Deal (o rec\u00e9m anunciado pacto ecol\u00f3gico europeu para descarbonizar a economia europeia), a coopera\u00e7\u00e3o entre pesquisadores, o salto para a implementa\u00e7\u00e3o do G5 e a biodiversidade. A Europa tem grande interesse nesse tema e o Brasil \u00e9 um dos gigantes mundiais da biodiversidade\u201d, diz o embaixador.<\/p>\n<p>&nbsp;<\/p>\n<p>A UE prepara tamb\u00e9m um encontro bilateral com a China, em setembro, na Alemanha. Al\u00e9m dos interesses econ\u00f4micos, a China \u00e9 o segundo parceiro comercial da UE, depois dos Estados Unidos. O gigante asi\u00e1tico \u00e9 tamb\u00e9m o maior emissor de gases do efeito estufa, e os europeus t\u00eam interesse em aumentar o compromisso dos chineses no acordo de Paris. Como demonstrado nos cinco dias do F\u00f3rum Econ\u00f4mico Mundial Davos, em janeiro, meio ambiente ser\u00e1 uma tema que permear\u00e1 cada vez mais as discuss\u00f5es econ\u00f4micas.<\/p>\n<p>&nbsp;<\/p>\n<p><strong>Coronav\u00edrus e Brexit<\/strong><\/p>\n<p>&nbsp;<\/p>\n<p>Na manh\u00e3 desta ter\u00e7a-feira (04\/04), Yb\u00e1\u00f1ez e o embaixador da Cro\u00e1cia no Brasil, Ranko Vilovi\u0107, apresentaram as prioridades do bloco europeu para o semestre. A Cro\u00e1cia preside o Conselho Europeu no primeiro semestre. Na agenda est\u00e3o a\u00e7\u00f5es para aumentar investimento, integra\u00e7\u00e3o da infraestrutura de transporte e energ\u00e9tica, mas tamb\u00e9m digitaliza\u00e7\u00e3o, prote\u00e7\u00e3o social, empoderamento das mulheres e meio ambiente.<\/p>\n<p>&nbsp;<\/p>\n<p>De acordo com Yba\u00f1ez, os efeitos econ\u00f4micos do coronav\u00edrus certamente v\u00e3o atingir a UE, mas ainda n\u00e3o h\u00e1 c\u00e1lculos concretos sobre a economia europeia, que, nos \u00faltimos anos, recebeu mais de 300 bilh\u00f5es de euros em investimentos chineses, de acordo com a American Heritage Foundation.<\/p>\n<p>&nbsp;<\/p>\n<p>\u201cPor enquanto, os chineses nos pediram ajuda na facilita\u00e7\u00e3o do com\u00e9rcio de medicamentos, o que foi prontamente atendido\u201d, afirma Yba\u00f1ez. Para o embaixador, a associa\u00e7\u00e3o entre o Mercosul e a Uni\u00e3o Europeia vai ajudar a fortalecer a preven\u00e7\u00e3o contra esse tipo de problema nas duas regi\u00f5es (Mercosul e Europa), pois as \u201cregras sanit\u00e1rias europeias s\u00e3o muito estritas e n\u00e3o v\u00e3o mudar\u201d.<\/p>\n<p>&nbsp;<\/p>\n<p>Segundo o embaixador, a sa\u00edda do Reino Unido do bloco, concretizada na \u00faltima sexta-feira (03\/03), tamb\u00e9m deve gerar efeitos econ\u00f4micos na Cro\u00e1cia e em outros membros novos ou menores do bloco europeu, impactos que ainda n\u00e3o s\u00e3o poss\u00edveis mensurar, mas ele n\u00e3o acredita que a sa\u00edda do Reino Unido influenciar\u00e1 outros s\u00f3cios do ponto de vista pol\u00edtico ou futuros parceiros, apesar da onda nacionalista que tem chegado a v\u00e1rios pa\u00edses, inclusive na Europa. \u201cQuando houve o referendo na Cro\u00e1cia, 65% disseram sim \u00e0 UE. N\u00f3s pagamos menos do que recebemos para estar no bloco\u201d, diz. Servia e Montenegro negociam ingresso no bloco. Alb\u00e2nia e Maced\u00f4nia tamb\u00e9m t\u00eam interesse em aderir ao arranjo econ\u00f4micos europeu.<\/p>\n<p>&nbsp;<\/p>\n<p><strong>Vanguarda religiosa<\/strong><\/p>\n<p>&nbsp;<\/p>\n<p>Pela manh\u00e3, o ministro das Rela\u00e7\u00f5es Exteriores, Ernesto Ara\u00fajo, recebeu o ministro dos Neg\u00f3cios Estrangeiros da Pol\u00f4nia, Jacek Czaputowicz, para a primeira reuni\u00e3o do grupo de trabalho sobre Quest\u00f5es Humanit\u00e1rias e Refugiados do Processo de Vars\u00f3via, para paz e coopera\u00e7\u00e3o no Oriente M\u00e9dio.<\/p>\n<p>&nbsp;<\/p>\n<p>Na declara\u00e7\u00e3o conjunta divulgada ao final do encontro, al\u00e9m de refor\u00e7ar a necessidade de refor\u00e7ar coopera\u00e7\u00e3o econ\u00f4mica entre os dois pa\u00edses, o documento afirma que Brasil e Pol\u00f4nia est\u00e3o na vanguarda da defesa da liberdade religiosa do mundo. O governo de Jair Bolsonaro tem se aproximado dos governos mais nacionalistas e conservadores do bloco europeu, como Pol\u00f4nia e Hungria.<\/p>\n<p>&nbsp;<\/p>\n<p><em>Bras\u00edlia, 13h50min<\/em><\/p>\n","protected":false},"excerpt":{"rendered":"<p>CL\u00c1UDIA DIANNI A Comiss\u00e3o Europeia aguarda o governo brasileiro para marcar data para a realiza\u00e7\u00e3o do VIII Encontro de C\u00fapula Brasil-Uni\u00e3o Europeia (UE). Espera-se que o encontro bilateral, que ocorreu pela \u00faltima vez em 2014, seja realizado ainda no primeiro semestre. O convite para retomar as reuni\u00f5es bilaterais foi feito pela atual administra\u00e7\u00e3o no in\u00edcio [&hellip;]<\/p>\n","protected":false},"author":22,"featured_media":0,"comment_status":"open","ping_status":"closed","sticky":false,"template":"","format":"standard","meta":{"footnotes":""},"categories":[600],"tags":[378,3544,4415,2528,3122,394],"class_list":["post-12863","post","type-post","status-publish","format-standard","hentry","category-economia","tag-brasil","tag-croacia","tag-cupula","tag-encontro","tag-reuniao","tag-uniao-europeia"],"_links":{"self":[{"href":"https:\/\/blogs.correiobraziliense.com.br\/vicente\/wp-json\/wp\/v2\/posts\/12863","targetHints":{"allow":["GET"]}}],"collection":[{"href":"https:\/\/blogs.correiobraziliense.com.br\/vicente\/wp-json\/wp\/v2\/posts"}],"about":[{"href":"https:\/\/blogs.correiobraziliense.com.br\/vicente\/wp-json\/wp\/v2\/types\/post"}],"author":[{"embeddable":true,"href":"https:\/\/blogs.correiobraziliense.com.br\/vicente\/wp-json\/wp\/v2\/users\/22"}],"replies":[{"embeddable":true,"href":"https:\/\/blogs.correiobraziliense.com.br\/vicente\/wp-json\/wp\/v2\/comments?post=12863"}],"version-history":[{"count":1,"href":"https:\/\/blogs.correiobraziliense.com.br\/vicente\/wp-json\/wp\/v2\/posts\/12863\/revisions"}],"predecessor-version":[{"id":12864,"href":"https:\/\/blogs.correiobraziliense.com.br\/vicente\/wp-json\/wp\/v2\/posts\/12863\/revisions\/12864"}],"wp:attachment":[{"href":"https:\/\/blogs.correiobraziliense.com.br\/vicente\/wp-json\/wp\/v2\/media?parent=12863"}],"wp:term":[{"taxonomy":"category","embeddable":true,"href":"https:\/\/blogs.correiobraziliense.com.br\/vicente\/wp-json\/wp\/v2\/categories?post=12863"},{"taxonomy":"post_tag","embeddable":true,"href":"https:\/\/blogs.correiobraziliense.com.br\/vicente\/wp-json\/wp\/v2\/tags?post=12863"}],"curies":[{"name":"wp","href":"https:\/\/api.w.org\/{rel}","templated":true}]}}