{"id":12859,"date":"2020-02-03T19:07:06","date_gmt":"2020-02-03T22:07:06","guid":{"rendered":"https:\/\/blogs.correiobraziliense.com.br\/vicente\/?p=12859"},"modified":"2020-02-03T19:07:06","modified_gmt":"2020-02-03T22:07:06","slug":"manter-martha-seillier-a-frente-do-ppi-e-decisao-acertada-de-guedes","status":"publish","type":"post","link":"https:\/\/blogs.correiobraziliense.com.br\/vicente\/manter-martha-seillier-a-frente-do-ppi-e-decisao-acertada-de-guedes\/","title":{"rendered":"Manter Martha Seillier \u00e0 frente do PPI \u00e9 decis\u00e3o acertada de Guedes"},"content":{"rendered":"<p>ROSANA HESSEL<\/p>\n<p>&nbsp;<\/p>\n<p>O Minist\u00e9rio da Economia transformou o Programa de Parcerias de Investimentos (PPI) em uma secretaria especial e ela ser\u00e1 chefiada pela secret\u00e1ria Martha Seillier, que estava \u00e0 frente do PPI na Casa Civil e \u00e9 bem vista pelo mercado.\u00a0 &#8220;A diretriz dada pelo ministro Paulo Guedes \u00e9 maximizar esfor\u00e7os conjuntamente com a Secretaria de Desestatiza\u00e7\u00e3o, Desinvestimentos e Mercados para acelerar o programa de privatiza\u00e7\u00e3o de empresas estatais&#8221;, informou a pasta.<\/p>\n<p>&nbsp;<\/p>\n<p>A decis\u00e3o de manter Martha \u00e0 frente do PPI em uma secretaria especial e n\u00e3o como um ap\u00eandice da secretaria de Desestatiza\u00e7\u00e3o, de Salim Mattar, \u00e9 acertada, pois a executiva vem executando um bom trabalho \u00e0 frente do programa, de acordo com empres\u00e1rios. Mestre em economia pela Universidade de Bras\u00edlia, Martha \u00e9 servidora p\u00fablica especializada em Gest\u00e3o P\u00fablica e \u00e9 considerada integrante da ala dos bons quadros do funcionalismo.<\/p>\n<p>&nbsp;<\/p>\n<p>Durante a vista do presidente Jair Bolsonaro na \u00cdndia, na semana passada, por exemplo, Martha foi quem mais se destacou entre os integrantes do governo que mal sabiam falar ingl\u00eas. At\u00e9 mesmo o ministro das Rela\u00e7\u00f5es Exteriores, Ernesto Ara\u00fajo, mal conseguiu se fazer entender, segundo um representante de uma das entidades presentes ao evento, pois seu discurso, al\u00e9m de pouco claro, teve um vi\u00e9s mais ideol\u00f3gico.<\/p>\n<p>&nbsp;<\/p>\n<p>&#8220;Muitos n\u00e3o entendem o discurso ideol\u00f3gico de alguns ministros e, quando Martha come\u00e7a a falar dos projetos e dos investimentos do programa, os empres\u00e1rios dizem: isso eu entendo. \u00c9 isso que queremos ouvir&#8221;, contou um executivo de uma multinacional ao <strong>Blog<\/strong>. Segundo ele, na viagem que Bolsonaro fez \u00e0 China, foi a mesma coisa. Martha se destacou entre os demais ministros tanto pelo ingl\u00eas perfeito quanto pela desenvoltura em que apresenta os projetos do PPI.<\/p>\n<p>&nbsp;<\/p>\n<p>&nbsp;<\/p>\n","protected":false},"excerpt":{"rendered":"<p>ROSANA HESSEL &nbsp; O Minist\u00e9rio da Economia transformou o Programa de Parcerias de Investimentos (PPI) em uma secretaria especial e ela ser\u00e1 chefiada pela secret\u00e1ria Martha Seillier, que estava \u00e0 frente do PPI na Casa Civil e \u00e9 bem vista pelo mercado.\u00a0 &#8220;A diretriz dada pelo ministro Paulo Guedes \u00e9 maximizar esfor\u00e7os conjuntamente com a [&hellip;]<\/p>\n","protected":false},"author":22,"featured_media":0,"comment_status":"open","ping_status":"closed","sticky":false,"template":"","format":"standard","meta":{"footnotes":""},"categories":[600],"tags":[2554,589,3613,4089],"class_list":["post-12859","post","type-post","status-publish","format-standard","hentry","category-economia","tag-bolsonaro","tag-economia","tag-paulo-guedes","tag-ppi"],"_links":{"self":[{"href":"https:\/\/blogs.correiobraziliense.com.br\/vicente\/wp-json\/wp\/v2\/posts\/12859","targetHints":{"allow":["GET"]}}],"collection":[{"href":"https:\/\/blogs.correiobraziliense.com.br\/vicente\/wp-json\/wp\/v2\/posts"}],"about":[{"href":"https:\/\/blogs.correiobraziliense.com.br\/vicente\/wp-json\/wp\/v2\/types\/post"}],"author":[{"embeddable":true,"href":"https:\/\/blogs.correiobraziliense.com.br\/vicente\/wp-json\/wp\/v2\/users\/22"}],"replies":[{"embeddable":true,"href":"https:\/\/blogs.correiobraziliense.com.br\/vicente\/wp-json\/wp\/v2\/comments?post=12859"}],"version-history":[{"count":1,"href":"https:\/\/blogs.correiobraziliense.com.br\/vicente\/wp-json\/wp\/v2\/posts\/12859\/revisions"}],"predecessor-version":[{"id":12860,"href":"https:\/\/blogs.correiobraziliense.com.br\/vicente\/wp-json\/wp\/v2\/posts\/12859\/revisions\/12860"}],"wp:attachment":[{"href":"https:\/\/blogs.correiobraziliense.com.br\/vicente\/wp-json\/wp\/v2\/media?parent=12859"}],"wp:term":[{"taxonomy":"category","embeddable":true,"href":"https:\/\/blogs.correiobraziliense.com.br\/vicente\/wp-json\/wp\/v2\/categories?post=12859"},{"taxonomy":"post_tag","embeddable":true,"href":"https:\/\/blogs.correiobraziliense.com.br\/vicente\/wp-json\/wp\/v2\/tags?post=12859"}],"curies":[{"name":"wp","href":"https:\/\/api.w.org\/{rel}","templated":true}]}}