{"id":12829,"date":"2020-01-29T12:10:54","date_gmt":"2020-01-29T15:10:54","guid":{"rendered":"https:\/\/blogs.correiobraziliense.com.br\/vicente\/?p=12829"},"modified":"2020-01-29T13:09:13","modified_gmt":"2020-01-29T16:09:13","slug":"em-reuniao-com-novo-presidente-do-inss-medicos-peritos-querem-indicar-diretores","status":"publish","type":"post","link":"https:\/\/blogs.correiobraziliense.com.br\/vicente\/em-reuniao-com-novo-presidente-do-inss-medicos-peritos-querem-indicar-diretores\/","title":{"rendered":"Em reuni\u00e3o com novo presidente do INSS, m\u00e9dicos peritos querem indicar diretores"},"content":{"rendered":"<h2>Nem bem se sentou na cadeira de presidente do Instituto Nacional do Seguro Social (INSS), Leonardo Rolim j\u00e1 recebeu para uma conversa Francisco Cardoso, presidente da Associa\u00e7\u00e3o Nacional dos M\u00e9dicos Peritos (ANMP), carreira com forte lobby dentro do \u00f3rg\u00e3o. Foi a primeira visita oficial a Rolim.<\/h2>\n<p>&nbsp;<\/p>\n<p>Dentro do INSS diz-se que a associa\u00e7\u00e3o de peritos foi a grande respons\u00e1vel pelo lobby que derrubou Renato Vieira da presid\u00eancia do INSS. A rela\u00e7\u00e3o entre essa carreira e Vieira era p\u00e9ssima. Os peritos sempre cobraram privil\u00e9gios que n\u00e3o foram atendidos.<\/p>\n<p>&nbsp;<\/p>\n<p>Na conversa com Rolim, Cardoso sinalizou que a carreira quer participar das indica\u00e7\u00f5es de futuros diretores do INSS. Praticamente todo o corpo diretor do \u00f3rg\u00e3o ser\u00e1 substitu\u00eddo. Os peritos dizem ter papel fundamental dentro do instituto para reduzir as enormes filas \u2014 2 milh\u00f5es est\u00e3o \u00e0 espera de benef\u00edcios.<\/p>\n<p>&nbsp;<\/p>\n<p>N\u00e3o custa lembrar, por\u00e9m, que foi o corpo mole desses peritos que sempre prejudicou os trabalhadores. Eles se consideram acima do bem e do mal. S\u00f3 come\u00e7aram a trabalhar direito depois que passaram a receber extras para agilizar a an\u00e1lise de pedidos de aposentadorias e de aux\u00edlios doen\u00e7as.<\/p>\n<p>&nbsp;<\/p>\n<p><strong>Desrespeito<\/strong><\/p>\n<p>&nbsp;<\/p>\n<p>Os peritos se sentem t\u00e3o donos do INSS que, mesmo tendo sa\u00eddo da estrutura do \u00f3rg\u00e3o, se recusaram a deixar o s\u00e9timo andar do pr\u00e9dio onde funciona o instituto. Assim, acreditam que conseguem manter as press\u00f5es mais latentes, como garantir que o INSS lhe pague vantagens como di\u00e1rias e passagens.<\/p>\n<p>&nbsp;<\/p>\n<p>Apesar de alegarem efici\u00eancia, os peritos atrasam atendimentos. At\u00e9 bem pouco tempo, antes de os peritos receberem adicionais para liberar processos, trabalhadores ficavam at\u00e9 quatro meses \u00e0 espera de atendimento para terem acesso a aux\u00edlio doen\u00e7a.<\/p>\n<p>&nbsp;<\/p>\n<p>Ou seja, mesmo j\u00e1 estando liberados pelos m\u00e9dicos particulares, os trabalhadores n\u00e3o podiam voltar \u00e0s atividades, porque sequer tinham sido atendidos pelos peritos, Sem dinheiro, muitos trabalhadores tiveram que recorrer a ajuda de familiares e amigos para n\u00e3o passarem fome.<\/p>\n<p>&nbsp;<\/p>\n<p>Bras\u00edlia,<\/p>\n","protected":false},"excerpt":{"rendered":"<p>Nem bem se sentou na cadeira de presidente do Instituto Nacional do Seguro Social (INSS), Leonardo Rolim j\u00e1 recebeu para uma conversa Francisco Cardoso, presidente da Associa\u00e7\u00e3o Nacional dos M\u00e9dicos Peritos (ANMP), carreira com forte lobby dentro do \u00f3rg\u00e3o. Foi a primeira visita oficial a Rolim. &nbsp; Dentro do INSS diz-se que a associa\u00e7\u00e3o de [&hellip;]<\/p>\n","protected":false},"author":22,"featured_media":11151,"comment_status":"open","ping_status":"closed","sticky":false,"template":"","format":"standard","meta":{"footnotes":""},"categories":[600],"tags":[22,408,4403,2414,3471,4404],"class_list":["post-12829","post","type-post","status-publish","format-standard","has-post-thumbnail","hentry","category-economia","tag-demissao","tag-inss","tag-leonardo-rolim","tag-medicos","tag-peritos","tag-renato-vieira"],"_links":{"self":[{"href":"https:\/\/blogs.correiobraziliense.com.br\/vicente\/wp-json\/wp\/v2\/posts\/12829","targetHints":{"allow":["GET"]}}],"collection":[{"href":"https:\/\/blogs.correiobraziliense.com.br\/vicente\/wp-json\/wp\/v2\/posts"}],"about":[{"href":"https:\/\/blogs.correiobraziliense.com.br\/vicente\/wp-json\/wp\/v2\/types\/post"}],"author":[{"embeddable":true,"href":"https:\/\/blogs.correiobraziliense.com.br\/vicente\/wp-json\/wp\/v2\/users\/22"}],"replies":[{"embeddable":true,"href":"https:\/\/blogs.correiobraziliense.com.br\/vicente\/wp-json\/wp\/v2\/comments?post=12829"}],"version-history":[{"count":2,"href":"https:\/\/blogs.correiobraziliense.com.br\/vicente\/wp-json\/wp\/v2\/posts\/12829\/revisions"}],"predecessor-version":[{"id":12832,"href":"https:\/\/blogs.correiobraziliense.com.br\/vicente\/wp-json\/wp\/v2\/posts\/12829\/revisions\/12832"}],"wp:featuredmedia":[{"embeddable":true,"href":"https:\/\/blogs.correiobraziliense.com.br\/vicente\/wp-json\/wp\/v2\/media\/11151"}],"wp:attachment":[{"href":"https:\/\/blogs.correiobraziliense.com.br\/vicente\/wp-json\/wp\/v2\/media?parent=12829"}],"wp:term":[{"taxonomy":"category","embeddable":true,"href":"https:\/\/blogs.correiobraziliense.com.br\/vicente\/wp-json\/wp\/v2\/categories?post=12829"},{"taxonomy":"post_tag","embeddable":true,"href":"https:\/\/blogs.correiobraziliense.com.br\/vicente\/wp-json\/wp\/v2\/tags?post=12829"}],"curies":[{"name":"wp","href":"https:\/\/api.w.org\/{rel}","templated":true}]}}