{"id":12821,"date":"2020-01-23T16:34:01","date_gmt":"2020-01-23T19:34:01","guid":{"rendered":"https:\/\/blogs.correiobraziliense.com.br\/vicente\/?p=12821"},"modified":"2020-01-23T17:43:44","modified_gmt":"2020-01-23T20:43:44","slug":"regina-duarte-quer-eliminar-todos-os-rastros-de-alvim-na-cultura","status":"publish","type":"post","link":"https:\/\/blogs.correiobraziliense.com.br\/vicente\/regina-duarte-quer-eliminar-todos-os-rastros-de-alvim-na-cultura\/","title":{"rendered":"Regina Duarte quer eliminar todos os rastros de Alvim na Cultura"},"content":{"rendered":"<h2>JORGE\u00a0VASCONCELLOS<\/h2>\n<h2><\/h2>\n<h2>Ap\u00f3s\u00a0a desastrada passagem de Roberto Alvim pela chefia da Secretaria Especial de Cultura, a ordem do Pal\u00e1cio do Planalto, \u00e9 eliminar todos os rastros da gest\u00e3o do dramaturgo no \u00f3rg\u00e3o. O objetivo \u00e9 transmitir \u00e0 sociedade a mensagem de que o governo como um todo n\u00e3o compactua com as ideias do ex-secret\u00e1rio, exonerado do cargo ap\u00f3s divulgar um v\u00eddeo no qual parafraseou Joseph Goebbels, ministro da propaganda nazista.<\/h2>\n<p>&nbsp;<\/p>\n<p>Conforme\u00a0apurou o <strong>Blog<\/strong>, a tend\u00eancia \u00e9 de que, antes mesmo de Regina Duarte responder formalmente ao convite para comandar a secretaria, os dirigentes nomeados por Alvim sejam os pr\u00f3ximos na fila de exonera\u00e7\u00f5es.<\/p>\n<p>&nbsp;<\/p>\n<p>S\u00e3o eles, no primeiro escal\u00e3o do \u00f3rg\u00e3o, os presidentes da Biblioteca Nacional, Rafael Nogueira; da Funda\u00e7\u00e3o Nacional de Artes (Funarte), Dante Mantovani; e da Funda\u00e7\u00e3o Palmares, S\u00e9rgio Nascimento. Esse \u00faltimo esteve no centro de uma das maiores crises da gest\u00e3o de Roberto Alvim na Secretaria Especial de Cultura.<\/p>\n<p>&nbsp;<\/p>\n<p><strong>Racismo<\/strong><\/p>\n<p>&nbsp;<\/p>\n<p>A nomea\u00e7\u00e3o do jornalista atraiu uma avalanche de cr\u00edticas depois da revela\u00e7\u00e3o de que, nas redes sociais, ele negou a exist\u00eancia do racismo, defendeu o fim do feriado da Consci\u00eancia Negra e, ao atacar diversas personalidades engajadas na causa, sugeriu que elas fossem &#8220;mandadas para a \u00c1frica&#8221;.<\/p>\n<p>&nbsp;<\/p>\n<p>Ele tamb\u00e9m escreveu que a escravid\u00e3o foi &#8220;terr\u00edvel, mas ben\u00e9fica para os descendentes&#8221;, porque negros, na sua opini\u00e3o, vivem em condi\u00e7\u00f5es melhores no Brasil do que na \u00c1frica. Em meio aos protestos, a nomea\u00e7\u00e3o de Nascimento foi suspensa pela Justi\u00e7a, o que levou o governo a fazer o mesmo, posteriormente. A tend\u00eancia \u00e9 que ele seja exonerado em definitivo nos pr\u00f3ximos dias.<\/p>\n<p>&nbsp;<\/p>\n<p>J\u00e1 o presidente da Funarte, o maestro Dante Mantovani, ficou conhecido por afirmar, no canal pr\u00f3prio no YouTube, que &#8220;O rock ativa a droga, que ativa o sexo, que ativa a ind\u00fastria do aborto, que ativa o satanismo&#8221;.<\/p>\n<p>&nbsp;<\/p>\n<p>Sob o comando de Mantovani, a Funarte divulgou, nesta quarta-feira (22\/01), o edital do \u201cPr\u00eamio de Apoio a Bandas de M\u00fasica 2020\u201d, que pro\u00edbe a participa\u00e7\u00e3o de bandas de rock. O<br \/>\nconcurso visa a premiar bandas de todo o pa\u00eds, com a distribui\u00e7\u00e3o gratuita de instrumentos de sopro e amplia\u00e7\u00e3o e\/ou reposi\u00e7\u00e3o instrumental. Apesar de direcionado a instrumentos de sopro, o edital n\u00e3o restringe outros tipos de ritmo, apenas o rock.<\/p>\n<p>&nbsp;<\/p>\n<p>Apesar da estrat\u00e9gia do governo de tratar todos esses epis\u00f3dios como casos isolados, \u00e9 de conhecimento p\u00fablico que essa turma do barulho, incluindo o ex-secret\u00e1rio Roberto Alvim, \u00e9 adepta dos ensinamentos de Olavo de Carvalho, tido como o guru do bolsonarismo.<\/p>\n<p>&nbsp;<\/p>\n<p><em>Bras\u00edlia, 16h34min<\/em><\/p>\n","protected":false},"excerpt":{"rendered":"<p>JORGE\u00a0VASCONCELLOS Ap\u00f3s\u00a0a desastrada passagem de Roberto Alvim pela chefia da Secretaria Especial de Cultura, a ordem do Pal\u00e1cio do Planalto, \u00e9 eliminar todos os rastros da gest\u00e3o do dramaturgo no \u00f3rg\u00e3o. O objetivo \u00e9 transmitir \u00e0 sociedade a mensagem de que o governo como um todo n\u00e3o compactua com as ideias do ex-secret\u00e1rio, exonerado do [&hellip;]<\/p>\n","protected":false},"author":22,"featured_media":12332,"comment_status":"open","ping_status":"closed","sticky":false,"template":"","format":"standard","meta":{"footnotes":""},"categories":[600],"tags":[4266,4263,4259,4398,4397],"class_list":["post-12821","post","type-post","status-publish","format-standard","has-post-thumbnail","hentry","category-economia","tag-alvim","tag-cultura","tag-funarte","tag-fundacao-palmares","tag-regina-duarte"],"_links":{"self":[{"href":"https:\/\/blogs.correiobraziliense.com.br\/vicente\/wp-json\/wp\/v2\/posts\/12821","targetHints":{"allow":["GET"]}}],"collection":[{"href":"https:\/\/blogs.correiobraziliense.com.br\/vicente\/wp-json\/wp\/v2\/posts"}],"about":[{"href":"https:\/\/blogs.correiobraziliense.com.br\/vicente\/wp-json\/wp\/v2\/types\/post"}],"author":[{"embeddable":true,"href":"https:\/\/blogs.correiobraziliense.com.br\/vicente\/wp-json\/wp\/v2\/users\/22"}],"replies":[{"embeddable":true,"href":"https:\/\/blogs.correiobraziliense.com.br\/vicente\/wp-json\/wp\/v2\/comments?post=12821"}],"version-history":[{"count":1,"href":"https:\/\/blogs.correiobraziliense.com.br\/vicente\/wp-json\/wp\/v2\/posts\/12821\/revisions"}],"predecessor-version":[{"id":12822,"href":"https:\/\/blogs.correiobraziliense.com.br\/vicente\/wp-json\/wp\/v2\/posts\/12821\/revisions\/12822"}],"wp:featuredmedia":[{"embeddable":true,"href":"https:\/\/blogs.correiobraziliense.com.br\/vicente\/wp-json\/wp\/v2\/media\/12332"}],"wp:attachment":[{"href":"https:\/\/blogs.correiobraziliense.com.br\/vicente\/wp-json\/wp\/v2\/media?parent=12821"}],"wp:term":[{"taxonomy":"category","embeddable":true,"href":"https:\/\/blogs.correiobraziliense.com.br\/vicente\/wp-json\/wp\/v2\/categories?post=12821"},{"taxonomy":"post_tag","embeddable":true,"href":"https:\/\/blogs.correiobraziliense.com.br\/vicente\/wp-json\/wp\/v2\/tags?post=12821"}],"curies":[{"name":"wp","href":"https:\/\/api.w.org\/{rel}","templated":true}]}}