{"id":12819,"date":"2020-01-23T14:47:13","date_gmt":"2020-01-23T17:47:13","guid":{"rendered":"https:\/\/blogs.correiobraziliense.com.br\/vicente\/?p=12819"},"modified":"2020-01-23T16:56:24","modified_gmt":"2020-01-23T19:56:24","slug":"bolsonaro-esta-sendo-mal-aconselhado-diz-capitao-augusto","status":"publish","type":"post","link":"https:\/\/blogs.correiobraziliense.com.br\/vicente\/bolsonaro-esta-sendo-mal-aconselhado-diz-capitao-augusto\/","title":{"rendered":"&#8220;Bolsonaro est\u00e1 sendo mal aconselhado&#8221;, diz capit\u00e3o Augusto"},"content":{"rendered":"<h2>RENATO SOUZA<\/h2>\n<h2><\/h2>\n<h2>O l\u00edder da Comiss\u00e3o de Seguran\u00e7a P\u00fablica da C\u00e2mara, deputado Capit\u00e3o Augusto (PL-SP), afirma ao <strong>Blog<\/strong>\u00a0que o presidente Jair Bolsonaro est\u00e1 dando &#8220;um tiro no p\u00e9&#8221; ao tomar decis\u00f5es com base em conselhos que recebe de aliados. Ele se refere \u00e0 a inten\u00e7\u00e3o manifestada pelo presidente de recriar o Minist\u00e9rio da Seguran\u00e7a P\u00fablica.<\/h2>\n<p>&nbsp;<\/p>\n<p>Atualmente, as pol\u00edticas de combate ao crime e as a\u00e7\u00f5es de seguran\u00e7a est\u00e3o sob responsabilidade do ministro Sergio Moro, que conduz o superminist\u00e9rio da Justi\u00e7a e Seguran\u00e7a P\u00fablica. No entanto, a divis\u00e3o, formulada por Bolsonaro, enfraqueceria imediatamente Moro, como adiantou o <strong>Correio<\/strong> na edi\u00e7\u00e3o desta quinta-feira (23).<\/p>\n<p>&nbsp;<\/p>\n<p>Para Capit\u00e3o Augusto, que est\u00e1 \u00e0 frente da chamada Bancada da Bala, a decis\u00e3o soa como retalia\u00e7\u00e3o a Sergio Moro. &#8220;Agora \u00e9 totalmente inoportuno recriar o minist\u00e9rio, algo que soa como retalia\u00e7\u00e3o. Dividir o Minist\u00e9rio do Moro, que \u00e9 um \u00edcone no combate \u00e0 corrup\u00e7\u00e3o, \u00e9 totalmente inadequado no momento. O presidente est\u00e1 sendo mal aconselhado. Ouvindo algu\u00e9m, ele est\u00e1 fazendo exatamente o contr\u00e1rio do que fazia quando era deputado&#8221;, declara.<\/p>\n<p>&nbsp;<\/p>\n<p>Na sa\u00edda do Pal\u00e1cio do Alvorada, pela manh\u00e3, Bolsonaro chegou a dizer que sabe que Moro &#8220;ficaria chateado&#8221;, mas disse que vai conversar com o ministro. Outra informa\u00e7\u00e3o que come\u00e7ou a ser ventilada em Bras\u00edlia \u00e9 a inten\u00e7\u00e3o do presidente de trocar o comando da Pol\u00edcia Federal. A decis\u00e3o deve ser tomada at\u00e9 fevereiro.<\/p>\n<p>&nbsp;<\/p>\n<p>Fontes ouvidas pelo <strong>Blog<\/strong>, ligadas a PF, relatam que a c\u00fapula da corpora\u00e7\u00e3o recebeu a informa\u00e7\u00e3o com surpresa, mas ainda se mant\u00e9m c\u00e9tica sobre a chance de que a troca realmente ocorra. Bolsonaro j\u00e1 fez esse movimento, mas recuou por temer estragos no governo.<\/p>\n<p>&nbsp;<\/p>\n<p>Caso Jair Bolsonaro realmente decida remover Maur\u00edcio Valeixo do cargo, deve enfrentar resist\u00eancia. Ele \u00e9 bem visto pelos agentes e delegados, e a avalia\u00e7\u00e3o \u00e9 de que a mudan\u00e7a no comando seria uma retalia\u00e7\u00e3o ao ministro Moro, que confia em Valeixo.<\/p>\n<p>&nbsp;<\/p>\n<p>&#8220;O diretor-geral da PF est\u00e1 fazendo um bom trabalho, n\u00e3o tem motivo para trocar o comando da corpora\u00e7\u00e3o. Seria mais uma decis\u00e3o com base em conselhos errados&#8221;, completa Capit\u00e3o Augusto.<\/p>\n<p>&nbsp;<\/p>\n<p><em>Bras\u00edlia, 14h47min<\/em><\/p>\n","protected":false},"excerpt":{"rendered":"<p>RENATO SOUZA O l\u00edder da Comiss\u00e3o de Seguran\u00e7a P\u00fablica da C\u00e2mara, deputado Capit\u00e3o Augusto (PL-SP), afirma ao Blog\u00a0que o presidente Jair Bolsonaro est\u00e1 dando &#8220;um tiro no p\u00e9&#8221; ao tomar decis\u00f5es com base em conselhos que recebe de aliados. Ele se refere \u00e0 a inten\u00e7\u00e3o manifestada pelo presidente de recriar o Minist\u00e9rio da Seguran\u00e7a P\u00fablica. [&hellip;]<\/p>\n","protected":false},"author":22,"featured_media":10126,"comment_status":"open","ping_status":"closed","sticky":false,"template":"","format":"standard","meta":{"footnotes":""},"categories":[600],"tags":[2554,4396,2392,126],"class_list":["post-12819","post","type-post","status-publish","format-standard","has-post-thumbnail","hentry","category-economia","tag-bolsonaro","tag-capitao-augusto","tag-moro","tag-policia-federal"],"_links":{"self":[{"href":"https:\/\/blogs.correiobraziliense.com.br\/vicente\/wp-json\/wp\/v2\/posts\/12819","targetHints":{"allow":["GET"]}}],"collection":[{"href":"https:\/\/blogs.correiobraziliense.com.br\/vicente\/wp-json\/wp\/v2\/posts"}],"about":[{"href":"https:\/\/blogs.correiobraziliense.com.br\/vicente\/wp-json\/wp\/v2\/types\/post"}],"author":[{"embeddable":true,"href":"https:\/\/blogs.correiobraziliense.com.br\/vicente\/wp-json\/wp\/v2\/users\/22"}],"replies":[{"embeddable":true,"href":"https:\/\/blogs.correiobraziliense.com.br\/vicente\/wp-json\/wp\/v2\/comments?post=12819"}],"version-history":[{"count":1,"href":"https:\/\/blogs.correiobraziliense.com.br\/vicente\/wp-json\/wp\/v2\/posts\/12819\/revisions"}],"predecessor-version":[{"id":12820,"href":"https:\/\/blogs.correiobraziliense.com.br\/vicente\/wp-json\/wp\/v2\/posts\/12819\/revisions\/12820"}],"wp:featuredmedia":[{"embeddable":true,"href":"https:\/\/blogs.correiobraziliense.com.br\/vicente\/wp-json\/wp\/v2\/media\/10126"}],"wp:attachment":[{"href":"https:\/\/blogs.correiobraziliense.com.br\/vicente\/wp-json\/wp\/v2\/media?parent=12819"}],"wp:term":[{"taxonomy":"category","embeddable":true,"href":"https:\/\/blogs.correiobraziliense.com.br\/vicente\/wp-json\/wp\/v2\/categories?post=12819"},{"taxonomy":"post_tag","embeddable":true,"href":"https:\/\/blogs.correiobraziliense.com.br\/vicente\/wp-json\/wp\/v2\/tags?post=12819"}],"curies":[{"name":"wp","href":"https:\/\/api.w.org\/{rel}","templated":true}]}}