{"id":12817,"date":"2020-01-23T11:10:51","date_gmt":"2020-01-23T14:10:51","guid":{"rendered":"https:\/\/blogs.correiobraziliense.com.br\/vicente\/?p=12817"},"modified":"2020-01-23T16:44:18","modified_gmt":"2020-01-23T19:44:18","slug":"ate-quando-sergio-moro-vai-aceitar-engolir-sapos","status":"publish","type":"post","link":"https:\/\/blogs.correiobraziliense.com.br\/vicente\/ate-quando-sergio-moro-vai-aceitar-engolir-sapos\/","title":{"rendered":"At\u00e9 quando Sergio Moro vai aceitar engolir sapos?"},"content":{"rendered":"<h2>O ministro da Justi\u00e7a e de Seguran\u00e7a P\u00fablica, Sergio Moro, nunca escondeu seu projeto de poder. N\u00e3o por acaso, aceitou, de imediato, assumir um cargo no governo de Jair Bolsonaro. Mas, um ano depois de empossado, Moro tem engolido uma s\u00e9rie de sapos para chegar onde pretende. At\u00e9 quando se submeter\u00e1 a isso?<\/h2>\n<p>&nbsp;<\/p>\n<p>O mais recente sapo veio da reuni\u00e3o de secret\u00e1rios de Seguran\u00e7a com o presidente da Rep\u00fablica. Eles pediram e Bolsonaro admitiu recriar o Minist\u00e9rio da Seguran\u00e7a e dar a pasta a um de seus melhores amigos, o ex-deputado Alberto Fraga, expoente da bancada da bala.<\/p>\n<p>&nbsp;<\/p>\n<p>Ao admitir a recria\u00e7\u00e3o do Minist\u00e9rio da Seguran\u00e7a, Bolsonaro indica que vai tirar de Moro as atribui\u00e7\u00f5es \u00e0s quais ele mais se dedica. Moro sempre ressaltou que aceitou integrar o governo do ex-capit\u00e3o do Ex\u00e9rcito para cumprir sua principal miss\u00e3o, o combate \u00e0 corrup\u00e7\u00e3o e ao crime organizado.<\/p>\n<p>&nbsp;<\/p>\n<p><strong>De superministro a coadjuvante<\/strong><\/p>\n<p>&nbsp;<\/p>\n<p>Caso se contente em permanecer num esvaziado Minist\u00e9rio da Justi\u00e7a, de superministro, Moro se tornar\u00e1 um coadjuvante de segunda categoria. Para constatar isso, basta ver o que aconteceu no governo de Michel Temer, quando foi criado o Minist\u00e9rio da Seguran\u00e7a.<\/p>\n<p>&nbsp;<\/p>\n<p>O ent\u00e3o ministro da Justi\u00e7a, Torquato Jardim, simplesmente desapareceu. O protagonismo foi todo para Raul Jungmann, que ficou respons\u00e1vel por todas as quest\u00f5es de seguran\u00e7a. Algu\u00e9m acredita que ser\u00e1 diferente agora, somente porque Moro est\u00e1 na Justi\u00e7a?<\/p>\n<p>&nbsp;<\/p>\n<p><strong>Ciumeira<\/strong><\/p>\n<p>&nbsp;<\/p>\n<p>Bolsonaro vive uma rela\u00e7\u00e3o conflituosa com Moro. Tem ci\u00fames do subordinado, que \u00e9 mais bem avaliado do que ele em todas as pesquisas de popularidade, mas sabe que precisa dele para manter seu governo de p\u00e9. Sem Moro, Bolsonaro perder\u00e1 uma leva de apoiadores.<\/p>\n<p>&nbsp;<\/p>\n<p>Quando convidou Moro para o governo, Bolsonaro sinalizou ao ex-juiz que ele seria indicado para o Supremo Tribunal Federal (STF), seu sonho de consumo. Tempos depois, o presidente indicou que n\u00e3o cumpriria sua promessa. A prefer\u00eancia para o STF \u00e9 por uma pessoa &#8220;terrivelmente evang\u00e9lica&#8221;.<\/p>\n<p>&nbsp;<\/p>\n<p>Mais recentemente, Bolsonaro sancionou o juiz das garantias no pacote anticrime, contrariando Moro, que \u00e9 contra essa nova figura jur\u00eddica. Coincidentemente, no mesmo dia em que Moro comemorava a decis\u00e3o do ministro Luiz Fux, do STF, de suspender, por tempo indeterminado, o juiz das garantias, Bolsonaro anunciou a possibilidade de recria\u00e7\u00e3o do Minist\u00e9rio da Seguran\u00e7a.<\/p>\n<p>&nbsp;<\/p>\n<p>Agora, j\u00e1 se fala que o presidente vai trocar todo o comando da Pol\u00edcia Federal, que est\u00e1 subordinada a Moro. No ano passado, Bolsonaro amea\u00e7ou tirar os indicados de Moro do comando da PF, mas acabou demovido da ideia.<\/p>\n<p>&nbsp;<\/p>\n<p><strong>Militares<\/strong><\/p>\n<p>&nbsp;<\/p>\n<p>Moro tem como protetores no governo os militares da c\u00fapula do Pal\u00e1cio do Planalto. S\u00e3o eles que afagam o ego do ministro quando o chefe resolve fustig\u00e1-lo. Pedem sempre paci\u00eancia. Mas admitem que Moro est\u00e1 chegando no limite.<\/p>\n<p>&nbsp;<\/p>\n<p>Uma ala de militares de alta patente trabalha, nos bastidores, para lan\u00e7ar Moro como candidato \u00e0 Presid\u00eancia da Rep\u00fablica em 2022. Isso incomoda Bolsonaro, que vive alardeando a possibilidade de o ministro concorrer como seu vice em uma &#8220;chapa imbat\u00edvel&#8221;.<\/p>\n<p>&nbsp;<\/p>\n<p>Que ningu\u00e9m se surpreenda se Moro decidir encarar o chefe nas urnas. Seria um troco e tanto pelos sapos que j\u00e1 engoliu.<\/p>\n<p>&nbsp;<\/p>\n<p><em>Bras\u00edlia, 11h10min<\/em><\/p>\n","protected":false},"excerpt":{"rendered":"<p>O ministro da Justi\u00e7a e de Seguran\u00e7a P\u00fablica, Sergio Moro, nunca escondeu seu projeto de poder. N\u00e3o por acaso, aceitou, de imediato, assumir um cargo no governo de Jair Bolsonaro. Mas, um ano depois de empossado, Moro tem engolido uma s\u00e9rie de sapos para chegar onde pretende. At\u00e9 quando se submeter\u00e1 a isso? &nbsp; O [&hellip;]<\/p>\n","protected":false},"author":22,"featured_media":11699,"comment_status":"open","ping_status":"closed","sticky":false,"template":"","format":"standard","meta":{"footnotes":""},"categories":[600],"tags":[2554,255,282,1836,2392,462],"class_list":["post-12817","post","type-post","status-publish","format-standard","has-post-thumbnail","hentry","category-economia","tag-bolsonaro","tag-corrupcao","tag-justica","tag-ministerio","tag-moro","tag-seguranca"],"_links":{"self":[{"href":"https:\/\/blogs.correiobraziliense.com.br\/vicente\/wp-json\/wp\/v2\/posts\/12817","targetHints":{"allow":["GET"]}}],"collection":[{"href":"https:\/\/blogs.correiobraziliense.com.br\/vicente\/wp-json\/wp\/v2\/posts"}],"about":[{"href":"https:\/\/blogs.correiobraziliense.com.br\/vicente\/wp-json\/wp\/v2\/types\/post"}],"author":[{"embeddable":true,"href":"https:\/\/blogs.correiobraziliense.com.br\/vicente\/wp-json\/wp\/v2\/users\/22"}],"replies":[{"embeddable":true,"href":"https:\/\/blogs.correiobraziliense.com.br\/vicente\/wp-json\/wp\/v2\/comments?post=12817"}],"version-history":[{"count":1,"href":"https:\/\/blogs.correiobraziliense.com.br\/vicente\/wp-json\/wp\/v2\/posts\/12817\/revisions"}],"predecessor-version":[{"id":12818,"href":"https:\/\/blogs.correiobraziliense.com.br\/vicente\/wp-json\/wp\/v2\/posts\/12817\/revisions\/12818"}],"wp:featuredmedia":[{"embeddable":true,"href":"https:\/\/blogs.correiobraziliense.com.br\/vicente\/wp-json\/wp\/v2\/media\/11699"}],"wp:attachment":[{"href":"https:\/\/blogs.correiobraziliense.com.br\/vicente\/wp-json\/wp\/v2\/media?parent=12817"}],"wp:term":[{"taxonomy":"category","embeddable":true,"href":"https:\/\/blogs.correiobraziliense.com.br\/vicente\/wp-json\/wp\/v2\/categories?post=12817"},{"taxonomy":"post_tag","embeddable":true,"href":"https:\/\/blogs.correiobraziliense.com.br\/vicente\/wp-json\/wp\/v2\/tags?post=12817"}],"curies":[{"name":"wp","href":"https:\/\/api.w.org\/{rel}","templated":true}]}}