{"id":12811,"date":"2020-01-22T00:27:33","date_gmt":"2020-01-22T03:27:33","guid":{"rendered":"https:\/\/blogs.correiobraziliense.com.br\/vicente\/?p=12811"},"modified":"2020-01-22T00:27:55","modified_gmt":"2020-01-22T03:27:55","slug":"governo-estuda-acoes-complementares-a-contratacao-de-militares-no-inss","status":"publish","type":"post","link":"https:\/\/blogs.correiobraziliense.com.br\/vicente\/governo-estuda-acoes-complementares-a-contratacao-de-militares-no-inss\/","title":{"rendered":"Governo estuda &#8220;a\u00e7\u00f5es complementares&#8221; \u00e0 contrata\u00e7\u00e3o de militares no INSS"},"content":{"rendered":"<h2>ALESSANDRA AZEVEDO<\/h2>\n<h2><\/h2>\n<h2>O secret\u00e1rio especial de Previd\u00eancia e Trabalho, Rog\u00e9rio Marinho, disse, nesta ter\u00e7a-feira (21\/1), que o governo cogita outras medidas para ajudar na for\u00e7a-tarefa criada para reduzir a fila do Instituto Nacional do Seguro Social (INSS). Ao <strong>Blog<\/strong>, ele afirmou que \u201ca\u00e7\u00f5es complementares est\u00e3o em estudo\u201d, mas negou que vai abandonar a ideia de contratar 7 mil militares para ajudar no atendimento, anunciada na semana passada.<\/h2>\n<p>&nbsp;<\/p>\n<p>O secret\u00e1rio refor\u00e7ou que nenhuma das medidas avaliadas substituiria a participa\u00e7\u00e3o das For\u00e7as Armadas, que, segundo ele, est\u00e1 garantida. \u201cOs militares j\u00e1 est\u00e3o acertados. Outras a\u00e7\u00f5es dependem da aprova\u00e7\u00e3o do ministro (Paulo Guedes, ministro da Economia)\u201d, disse. Sem detalhar as op\u00e7\u00f5es estudadas, ele refor\u00e7ou que o governo est\u00e1 &#8220;aberto e trabalhando, primeiro o decreto dos militares\u201d.<\/p>\n<p>&nbsp;<\/p>\n<p>A principal sugest\u00e3o que tem sido apontada por entidades representativas dos servidores p\u00fablicos \u00e9 colocar ex-servidores do INSS, hoje aposentados, de volta \u00e0s ag\u00eancias. O lado positivo \u00e9 que eles j\u00e1 t\u00eam experi\u00eancia na \u00e1rea e poderiam atuar na an\u00e1lise de processos, enquanto os militares v\u00e3o ficar apenas no atendimento.<\/p>\n<p>&nbsp;<\/p>\n<p>O problema \u00e9 que n\u00e3o h\u00e1 previs\u00e3o legal para contratar servidores aposentados, ao contr\u00e1rio do que acontece com os militares. A reestrutura\u00e7\u00e3o da carreira das For\u00e7as Armadas, aprovada pelo Congresso no ano passado, permite o remanejamento de militares reformados para atividades civis. No caso dos ex-servidores, seria preciso apresentar um projeto de lei ou uma medida provis\u00f3ria sobre o assunto.<\/p>\n<p>&nbsp;<\/p>\n<p>No decreto, que deve ser apresentado at\u00e9 o in\u00edcio da semana que vem, o governo vai definir as diretrizes para contrata\u00e7\u00e3o de militares para atividades civis, que, embora tenha sido permitida por lei, ainda n\u00e3o foi regulamentada. Ele valer\u00e1, inclusive, para outros casos. O que vai tratar da situa\u00e7\u00e3o espec\u00edfica do INSS ser\u00e1 uma portaria, editada depois do decreto, com base nas diretrizes definidas. O Minist\u00e9rio da Defesa tem participado da elabora\u00e7\u00e3o do texto.<\/p>\n","protected":false},"excerpt":{"rendered":"<p>ALESSANDRA AZEVEDO O secret\u00e1rio especial de Previd\u00eancia e Trabalho, Rog\u00e9rio Marinho, disse, nesta ter\u00e7a-feira (21\/1), que o governo cogita outras medidas para ajudar na for\u00e7a-tarefa criada para reduzir a fila do Instituto Nacional do Seguro Social (INSS). Ao Blog, ele afirmou que \u201ca\u00e7\u00f5es complementares est\u00e3o em estudo\u201d, mas negou que vai abandonar a ideia de [&hellip;]<\/p>\n","protected":false},"author":22,"featured_media":11151,"comment_status":"open","ping_status":"closed","sticky":false,"template":"","format":"standard","meta":{"footnotes":""},"categories":[600],"tags":[3664,2549,408,769],"class_list":["post-12811","post","type-post","status-publish","format-standard","has-post-thumbnail","hentry","category-economia","tag-rogerio-marinho","tag-fila","tag-inss","tag-militares"],"_links":{"self":[{"href":"https:\/\/blogs.correiobraziliense.com.br\/vicente\/wp-json\/wp\/v2\/posts\/12811","targetHints":{"allow":["GET"]}}],"collection":[{"href":"https:\/\/blogs.correiobraziliense.com.br\/vicente\/wp-json\/wp\/v2\/posts"}],"about":[{"href":"https:\/\/blogs.correiobraziliense.com.br\/vicente\/wp-json\/wp\/v2\/types\/post"}],"author":[{"embeddable":true,"href":"https:\/\/blogs.correiobraziliense.com.br\/vicente\/wp-json\/wp\/v2\/users\/22"}],"replies":[{"embeddable":true,"href":"https:\/\/blogs.correiobraziliense.com.br\/vicente\/wp-json\/wp\/v2\/comments?post=12811"}],"version-history":[{"count":1,"href":"https:\/\/blogs.correiobraziliense.com.br\/vicente\/wp-json\/wp\/v2\/posts\/12811\/revisions"}],"predecessor-version":[{"id":12812,"href":"https:\/\/blogs.correiobraziliense.com.br\/vicente\/wp-json\/wp\/v2\/posts\/12811\/revisions\/12812"}],"wp:featuredmedia":[{"embeddable":true,"href":"https:\/\/blogs.correiobraziliense.com.br\/vicente\/wp-json\/wp\/v2\/media\/11151"}],"wp:attachment":[{"href":"https:\/\/blogs.correiobraziliense.com.br\/vicente\/wp-json\/wp\/v2\/media?parent=12811"}],"wp:term":[{"taxonomy":"category","embeddable":true,"href":"https:\/\/blogs.correiobraziliense.com.br\/vicente\/wp-json\/wp\/v2\/categories?post=12811"},{"taxonomy":"post_tag","embeddable":true,"href":"https:\/\/blogs.correiobraziliense.com.br\/vicente\/wp-json\/wp\/v2\/tags?post=12811"}],"curies":[{"name":"wp","href":"https:\/\/api.w.org\/{rel}","templated":true}]}}