{"id":12808,"date":"2020-01-21T15:34:20","date_gmt":"2020-01-21T18:34:20","guid":{"rendered":"https:\/\/blogs.correiobraziliense.com.br\/vicente\/?p=12808"},"modified":"2020-01-21T16:08:03","modified_gmt":"2020-01-21T19:08:03","slug":"presidios-com-detentos-do-pcc-reforcam-seguranca-temendo-fugas","status":"publish","type":"post","link":"https:\/\/blogs.correiobraziliense.com.br\/vicente\/presidios-com-detentos-do-pcc-reforcam-seguranca-temendo-fugas\/","title":{"rendered":"Pres\u00eddios com detentos do PCC refor\u00e7am seguran\u00e7a temendo fugas"},"content":{"rendered":"<h2>Enquanto os olhos se voltam para o casamento, agora oficializado, entre a atriz Regina Duarte e o presidente Jair Bolsonaro, respons\u00e1veis por pres\u00eddios nos quais h\u00e1 detentos ligados ao Primeiro Comando da Capital (PCC) est\u00e3o refor\u00e7ando a seguran\u00e7a por temerem fugas semelhantes a que se viu em penitenci\u00e1ria do Paraguai.<\/h2>\n<p>&nbsp;<\/p>\n<p>Nos \u00faltimos dois dias, dirigentes, de pres\u00eddios, sobretudo os federais, procuraram o Departamento Penitenci\u00e1rio Nacional (Depen) para definirem uma estrat\u00e9gia conjunta a fim de evitar surpresas desagrad\u00e1veis. Teme-se que um projeto de fugas em massa esteja sendo articulado pela organiza\u00e7\u00e3o criminosa.<\/p>\n<p>&nbsp;<\/p>\n<p>Em Bras\u00edlia, recentemente, a Pol\u00edcia Civil fez uma opera\u00e7\u00e3o para desbaratar uma quadrilha, cujos integrantes, segundo relat\u00f3rios de intelig\u00eancia, estavam monitorando autoridades locais, entre elas, ju\u00edzes, , delegados e o pr\u00f3prio secret\u00e1rio de Seguran\u00e7a P\u00fablica, Anderson Torres.<\/p>\n<p>&nbsp;<\/p>\n<p><strong>Apoio de Moro<\/strong><\/p>\n<p>&nbsp;<\/p>\n<p>Esse processo de refor\u00e7o dos pres\u00eddios t\u00eam o respaldo do ministro da Justi\u00e7a, Sergio Moro. E conta com o apoio das For\u00e7as Armadas e da For\u00e7a de Seguran\u00e7a Nacional. Com origem em S\u00e3o Paulo, o PCC est\u00e1 ramificado por todo o pa\u00eds e j\u00e1 estendeu seus tent\u00e1culos pela Am\u00e9rica Latina.<\/p>\n<p>&nbsp;<\/p>\n<p>O poder de articula\u00e7\u00e3o do grupo aumentou muito, reconhecem autoridades. O PCC j\u00e1 n\u00e3o depende mais de Marcola, que est\u00e1 preso em Bras\u00edlia, apesar de ele ainda ser a grande refer\u00eancia para os integrantes da organiza\u00e7\u00e3o. &#8220;N\u00e3o d\u00e1 para brincar com esse pessoal. O PCC \u00e9 uma organiza\u00e7\u00e3o poderosa e muito perigosa&#8221;, diz um t\u00e9cnico do Depen.<\/p>\n<p>&nbsp;<\/p>\n<p>Ningu\u00e9m descarta, inclusive, que outros grupos rivais do PCC tamb\u00e9m estejam se articulando para um movimento semelhante e estimulando rebeli\u00f5es. Os servi\u00e7os de intelig\u00eancia detectaram alguns sinais que podem indicar problemas mais \u00e0 frente, se n\u00e3o houver uma a\u00e7\u00e3o coordenada efetiva e preventiva.<\/p>\n<p>&nbsp;<\/p>\n<p>No \u00faltimo fim de semana, 76 presos fugiram do pres\u00eddio de Pedro Juan Caballero, que faz divisa com Ponta Por\u00e3, no Mato Grosso do Sul. Deles, 40 s\u00e3o brasileiros e 36, paraguaios. A maioria \u00e9 ligada ao PCC. At\u00e9 agora, cinco fugitivos foram recapturados.<\/p>\n<p>&nbsp;<\/p>\n<p><em>Bras\u00edlia, 15h34min<\/em><\/p>\n","protected":false},"excerpt":{"rendered":"<p>Enquanto os olhos se voltam para o casamento, agora oficializado, entre a atriz Regina Duarte e o presidente Jair Bolsonaro, respons\u00e1veis por pres\u00eddios nos quais h\u00e1 detentos ligados ao Primeiro Comando da Capital (PCC) est\u00e3o refor\u00e7ando a seguran\u00e7a por temerem fugas semelhantes a que se viu em penitenci\u00e1ria do Paraguai. &nbsp; Nos \u00faltimos dois dias, [&hellip;]<\/p>\n","protected":false},"author":22,"featured_media":12809,"comment_status":"open","ping_status":"closed","sticky":false,"template":"","format":"standard","meta":{"footnotes":""},"categories":[600],"tags":[4395,4094,3079,2332,462],"class_list":["post-12808","post","type-post","status-publish","format-standard","has-post-thumbnail","hentry","category-economia","tag-depen","tag-paraguai","tag-pcc","tag-reforco","tag-seguranca"],"_links":{"self":[{"href":"https:\/\/blogs.correiobraziliense.com.br\/vicente\/wp-json\/wp\/v2\/posts\/12808","targetHints":{"allow":["GET"]}}],"collection":[{"href":"https:\/\/blogs.correiobraziliense.com.br\/vicente\/wp-json\/wp\/v2\/posts"}],"about":[{"href":"https:\/\/blogs.correiobraziliense.com.br\/vicente\/wp-json\/wp\/v2\/types\/post"}],"author":[{"embeddable":true,"href":"https:\/\/blogs.correiobraziliense.com.br\/vicente\/wp-json\/wp\/v2\/users\/22"}],"replies":[{"embeddable":true,"href":"https:\/\/blogs.correiobraziliense.com.br\/vicente\/wp-json\/wp\/v2\/comments?post=12808"}],"version-history":[{"count":1,"href":"https:\/\/blogs.correiobraziliense.com.br\/vicente\/wp-json\/wp\/v2\/posts\/12808\/revisions"}],"predecessor-version":[{"id":12810,"href":"https:\/\/blogs.correiobraziliense.com.br\/vicente\/wp-json\/wp\/v2\/posts\/12808\/revisions\/12810"}],"wp:featuredmedia":[{"embeddable":true,"href":"https:\/\/blogs.correiobraziliense.com.br\/vicente\/wp-json\/wp\/v2\/media\/12809"}],"wp:attachment":[{"href":"https:\/\/blogs.correiobraziliense.com.br\/vicente\/wp-json\/wp\/v2\/media?parent=12808"}],"wp:term":[{"taxonomy":"category","embeddable":true,"href":"https:\/\/blogs.correiobraziliense.com.br\/vicente\/wp-json\/wp\/v2\/categories?post=12808"},{"taxonomy":"post_tag","embeddable":true,"href":"https:\/\/blogs.correiobraziliense.com.br\/vicente\/wp-json\/wp\/v2\/tags?post=12808"}],"curies":[{"name":"wp","href":"https:\/\/api.w.org\/{rel}","templated":true}]}}