{"id":12806,"date":"2020-01-21T11:59:59","date_gmt":"2020-01-21T14:59:59","guid":{"rendered":"https:\/\/blogs.correiobraziliense.com.br\/vicente\/?p=12806"},"modified":"2020-01-21T12:33:54","modified_gmt":"2020-01-21T15:33:54","slug":"dolar-vai-a-r-420-e-reflete-toda-a-ansiedade-dos-investidores","status":"publish","type":"post","link":"https:\/\/blogs.correiobraziliense.com.br\/vicente\/dolar-vai-a-r-420-e-reflete-toda-a-ansiedade-dos-investidores\/","title":{"rendered":"D\u00f3lar vai a R$ 4,20 e reflete toda a ansiedade dos investidores"},"content":{"rendered":"<h2>RAFAELA GON\u00c7ALVES<\/h2>\n<h2><\/h2>\n<h2>A ter\u00e7a-feira (21\/01) est\u00e1 sendo marcada por grande ansiedade no mercado financeiro. A ponto de o d\u00f3lar romper, novamente, a barreira dos R$ 4,20, com alta de 0,3%.<\/h2>\n<p>&nbsp;<\/p>\n<p>Al\u00e9m da perspectiva de nova queda da taxa b\u00e1sica de juros (Selic) na reuni\u00e3o de fevereiro do Comit\u00ea de Pol\u00edtica Monet\u00e1ria (Copom), o que afasta mais o capital estrangeiro das opera\u00e7\u00f5es de renda fixa, h\u00e1 o temor com um v\u00edrus desconhecido na China.<\/p>\n<p>&nbsp;<\/p>\n<p>Esta semana \u00e9 de feriado na segunda economia do planeta. E a popula\u00e7\u00e3o costuma se deslocar para comemorar o novo ano lunar. Isso aumenta o risco de o v\u00edrus desconhecido se propagar. J\u00e1 s\u00e3o muitas as mortes.<\/p>\n<p>&nbsp;<\/p>\n<p>Os analistas temem o impacto econ\u00f4mico do v\u00edrus, uma vez que a China j\u00e1 n\u00e3o cresce mais dois d\u00edgitos. O Produto Interno Bruto (PIB) vem se expandindo ao redor de 6% ao ano, limite para que o pa\u00eds possa continuar agregando pessoas ao mercado de consumo.<\/p>\n<p>&nbsp;<\/p>\n<p><strong>Am\u00e9rica Latina<\/strong><\/p>\n<p>&nbsp;<\/p>\n<p>Por aqui, quanto mais baixos os juros b\u00e1sicos, menos atraente o pa\u00eds fica aos olhos dos investidores. Muitos se aproveitavam da Selic elevada para ganhar com o diferencial de taxas. No mundo desenvolvido, os juros est\u00e3o pr\u00f3ximos de zero. Com a Selic a 4,5% ao ano, essa possibilidade de ganho praticamento acabou.<\/p>\n<p>&nbsp;<\/p>\n<p>Sendo assim, os investidores esperam, agora, por not\u00edcias mais promissoras na economia para retornarem com tudo ao Brasil. O Minist\u00e9rio da Economia prev\u00ea que o Produto Interno Bruto (PIB) pode crescer entre 2,5% e 3% neste ano.<\/p>\n<p>&nbsp;<\/p>\n<p>Estudo realizado pelo Santander com investidores da Am\u00e9rica Latina mostra que o Brasil ainda \u00e9 a aposta preferida para 2020 dos gestores de recursos quando se olha a regi\u00e3o.<\/p>\n<p>&nbsp;<\/p>\n<p>Dos 241 entrevistados pelo banco espanhol, 58% (113) indicam que o Brasil apresentar\u00e1 rentabilidade maior em suas aplica\u00e7\u00f5es do que em outros pa\u00edses. Outros 22% apontam que isso acontecer\u00e1 no M\u00e9xico.<\/p>\n<p>&nbsp;<\/p>\n<p>Se o d\u00f3lar sobe, a Bolsa de Valores cai. Mas ainda se mant\u00e9m acima dos 118 mil pontos.<\/p>\n<p>&nbsp;<\/p>\n<p><em>Bras\u00edlia, 11h59min<\/em><\/p>\n","protected":false},"excerpt":{"rendered":"<p>RAFAELA GON\u00c7ALVES A ter\u00e7a-feira (21\/01) est\u00e1 sendo marcada por grande ansiedade no mercado financeiro. A ponto de o d\u00f3lar romper, novamente, a barreira dos R$ 4,20, com alta de 0,3%. &nbsp; Al\u00e9m da perspectiva de nova queda da taxa b\u00e1sica de juros (Selic) na reuni\u00e3o de fevereiro do Comit\u00ea de Pol\u00edtica Monet\u00e1ria (Copom), o que [&hellip;]<\/p>\n","protected":false},"author":22,"featured_media":11588,"comment_status":"open","ping_status":"closed","sticky":false,"template":"","format":"standard","meta":{"footnotes":""},"categories":[600],"tags":[246,343,199,4,400,4394],"class_list":["post-12806","post","type-post","status-publish","format-standard","has-post-thumbnail","hentry","category-economia","tag-china","tag-dolar","tag-investidores","tag-juros","tag-santander","tag-virus"],"_links":{"self":[{"href":"https:\/\/blogs.correiobraziliense.com.br\/vicente\/wp-json\/wp\/v2\/posts\/12806","targetHints":{"allow":["GET"]}}],"collection":[{"href":"https:\/\/blogs.correiobraziliense.com.br\/vicente\/wp-json\/wp\/v2\/posts"}],"about":[{"href":"https:\/\/blogs.correiobraziliense.com.br\/vicente\/wp-json\/wp\/v2\/types\/post"}],"author":[{"embeddable":true,"href":"https:\/\/blogs.correiobraziliense.com.br\/vicente\/wp-json\/wp\/v2\/users\/22"}],"replies":[{"embeddable":true,"href":"https:\/\/blogs.correiobraziliense.com.br\/vicente\/wp-json\/wp\/v2\/comments?post=12806"}],"version-history":[{"count":1,"href":"https:\/\/blogs.correiobraziliense.com.br\/vicente\/wp-json\/wp\/v2\/posts\/12806\/revisions"}],"predecessor-version":[{"id":12807,"href":"https:\/\/blogs.correiobraziliense.com.br\/vicente\/wp-json\/wp\/v2\/posts\/12806\/revisions\/12807"}],"wp:featuredmedia":[{"embeddable":true,"href":"https:\/\/blogs.correiobraziliense.com.br\/vicente\/wp-json\/wp\/v2\/media\/11588"}],"wp:attachment":[{"href":"https:\/\/blogs.correiobraziliense.com.br\/vicente\/wp-json\/wp\/v2\/media?parent=12806"}],"wp:term":[{"taxonomy":"category","embeddable":true,"href":"https:\/\/blogs.correiobraziliense.com.br\/vicente\/wp-json\/wp\/v2\/categories?post=12806"},{"taxonomy":"post_tag","embeddable":true,"href":"https:\/\/blogs.correiobraziliense.com.br\/vicente\/wp-json\/wp\/v2\/tags?post=12806"}],"curies":[{"name":"wp","href":"https:\/\/api.w.org\/{rel}","templated":true}]}}