{"id":12804,"date":"2020-01-21T11:23:00","date_gmt":"2020-01-21T14:23:00","guid":{"rendered":"https:\/\/blogs.correiobraziliense.com.br\/vicente\/?p=12804"},"modified":"2020-01-21T11:50:44","modified_gmt":"2020-01-21T14:50:44","slug":"onyx-quer-demitir-toda-a-diretoria-da-geap-saude","status":"publish","type":"post","link":"https:\/\/blogs.correiobraziliense.com.br\/vicente\/onyx-quer-demitir-toda-a-diretoria-da-geap-saude\/","title":{"rendered":"Onyx quer demitir toda a diretoria da Geap Sa\u00fade"},"content":{"rendered":"<h2>RENATO SOUZA<\/h2>\n<h2><\/h2>\n<h2>O ministro da Casa Civil, Onyx Lorenzoni, est\u00e1 convencido de que precisa fazer uma limpa em todo o alto escal\u00e3o da Geap Sa\u00fade, a come\u00e7ar pela diretoria de operadora que administra o plano de sa\u00fade dos servidores p\u00fablicos federais. Al\u00e9m de problemas financeiros, que voltaram a se agravar, pesa contra os gestores, na vis\u00e3o do ministro, quest\u00f5es pol\u00edticas.\u00a0A expectativa \u00e9 de que a decis\u00e3o do ministro seja oficializada ainda nesta semana.<\/h2>\n<p>&nbsp;<\/p>\n<p>N\u00e3o \u00e9 de hoje que a Geap sofre para fechar as contas, manter a estrutura e garantir o atendimento aos conveniados. Tanto que passou por uma sucess\u00e3o de trocas de comandos nos \u00faltimos anos, sem que nada fosse resolvido. Em alguns momentos, houve respiros. Mas a operadora voltou cair no vermelho.<\/p>\n<p>&nbsp;<\/p>\n<p>O comando da Geap sempre esteve nas m\u00e3os de indicados pelo PP. Durante os governos petistas, houve uma guerra aberta entre PP e PT pela dire\u00e7\u00e3o da operadora, que chegou a ter mais de 600 mil associados e hoje mal consegue chegar aos 400 mil. Os associados t\u00eam reclamando da qualidade dos servi\u00e7os.<\/p>\n<p>&nbsp;<\/p>\n<p><strong>Reajustes<\/strong><\/p>\n<p>&nbsp;<\/p>\n<p>Os associados tamb\u00e9m reclamam do reajuste de 12,5% nas mensalidades dos planos de sa\u00fade, j\u00e1 que os servi\u00e7os est\u00e3o deixando muito a desejar. Os novos valores das mensalidades passam a valer a partir de fevereiro. Enquanto os servidores sofrem com os problemas de caixa da Geap, a operadora mant\u00e9m sal\u00e1rios elevados a seus empregados, muitos sem a qualifica\u00e7\u00e3o exigida para o cargo.<\/p>\n<p>&nbsp;<\/p>\n<p>N\u00e3o custa lembrar a sucess\u00e3o de pol\u00eamicas na Geap. <a href=\"https:\/\/blogs.correiobraziliense.com.br\/vicente\/hospitais-e-medicos-roubam-planos-diz-diretor-da-geap\/\">Uma das mais rumorosas ocorreu em abril de 2018<\/a>, quando o ent\u00e3o diretor executivo da empresa, Roberto S\u00e9rgio Fontenele C\u00e2ndido, disse, em \u00e1udio ao qual o <strong>Blog<\/strong> teve acesso, que hospitais e m\u00e9dicos \u201croubam\u201d os planos de sa\u00fade. Ele garantiu que, na sua gest\u00e3o, isso n\u00e3o aconteceria. \u201cQuer trabalhar com a gente, vai trabalhar sem roubo, porque hospital tamb\u00e9m rouba. E rouba muito. M\u00e9dico tamb\u00e9m rouba muito\u201d, afirmou. Em quest\u00e3o de dias, ele foi demitido.<\/p>\n<p>&nbsp;<\/p>\n<p>O <strong>Blog<\/strong> est\u00e1 tentando contato com a Geap.<\/p>\n<p>&nbsp;<\/p>\n<p><em>Bras\u00edlia, 11h23min<\/em><\/p>\n","protected":false},"excerpt":{"rendered":"<p>RENATO SOUZA O ministro da Casa Civil, Onyx Lorenzoni, est\u00e1 convencido de que precisa fazer uma limpa em todo o alto escal\u00e3o da Geap Sa\u00fade, a come\u00e7ar pela diretoria de operadora que administra o plano de sa\u00fade dos servidores p\u00fablicos federais. Al\u00e9m de problemas financeiros, que voltaram a se agravar, pesa contra os gestores, na [&hellip;]<\/p>\n","protected":false},"author":22,"featured_media":11032,"comment_status":"open","ping_status":"closed","sticky":false,"template":"","format":"standard","meta":{"footnotes":""},"categories":[600],"tags":[22,3119,262,3917,579,123],"class_list":["post-12804","post","type-post","status-publish","format-standard","has-post-thumbnail","hentry","category-economia","tag-demissao","tag-diretoria","tag-geap","tag-onyx","tag-saude","tag-servidores"],"_links":{"self":[{"href":"https:\/\/blogs.correiobraziliense.com.br\/vicente\/wp-json\/wp\/v2\/posts\/12804","targetHints":{"allow":["GET"]}}],"collection":[{"href":"https:\/\/blogs.correiobraziliense.com.br\/vicente\/wp-json\/wp\/v2\/posts"}],"about":[{"href":"https:\/\/blogs.correiobraziliense.com.br\/vicente\/wp-json\/wp\/v2\/types\/post"}],"author":[{"embeddable":true,"href":"https:\/\/blogs.correiobraziliense.com.br\/vicente\/wp-json\/wp\/v2\/users\/22"}],"replies":[{"embeddable":true,"href":"https:\/\/blogs.correiobraziliense.com.br\/vicente\/wp-json\/wp\/v2\/comments?post=12804"}],"version-history":[{"count":1,"href":"https:\/\/blogs.correiobraziliense.com.br\/vicente\/wp-json\/wp\/v2\/posts\/12804\/revisions"}],"predecessor-version":[{"id":12805,"href":"https:\/\/blogs.correiobraziliense.com.br\/vicente\/wp-json\/wp\/v2\/posts\/12804\/revisions\/12805"}],"wp:featuredmedia":[{"embeddable":true,"href":"https:\/\/blogs.correiobraziliense.com.br\/vicente\/wp-json\/wp\/v2\/media\/11032"}],"wp:attachment":[{"href":"https:\/\/blogs.correiobraziliense.com.br\/vicente\/wp-json\/wp\/v2\/media?parent=12804"}],"wp:term":[{"taxonomy":"category","embeddable":true,"href":"https:\/\/blogs.correiobraziliense.com.br\/vicente\/wp-json\/wp\/v2\/categories?post=12804"},{"taxonomy":"post_tag","embeddable":true,"href":"https:\/\/blogs.correiobraziliense.com.br\/vicente\/wp-json\/wp\/v2\/tags?post=12804"}],"curies":[{"name":"wp","href":"https:\/\/api.w.org\/{rel}","templated":true}]}}