{"id":1280,"date":"2016-06-07T10:34:10","date_gmt":"2016-06-07T13:34:10","guid":{"rendered":"https:\/\/blogs.correiobraziliense.com.br\/vicente\/?p=1280"},"modified":"2016-06-07T11:29:16","modified_gmt":"2016-06-07T14:29:16","slug":"ilan-goldffajn-e-visto-com-desconfianca-por-servidores-do-bc","status":"publish","type":"post","link":"https:\/\/blogs.correiobraziliense.com.br\/vicente\/ilan-goldffajn-e-visto-com-desconfianca-por-servidores-do-bc\/","title":{"rendered":"Ilan Goldffajn \u00e9 visto com desconfian\u00e7a por servidores do BC"},"content":{"rendered":"<p>POR ANTONIO TEM\u00d3TEO<\/p>\n<p>&nbsp;<\/p>\n<p>Ilan Goldfajn assumir\u00e1 o Banco Central (BC) sob desconfian\u00e7a dos servidores da autoridade monet\u00e1ria.\u00a0O presidente do Sindicato Nacional dos Funcion\u00e1rios do BC (Sinal), Daro Piffer, afirmou estar preocupado com a nomea\u00e7\u00e3o do economista, que \u00e9 sabatinado esta manh\u00e3 pela Comiss\u00e3o de Assuntos Econ\u00f4micos (CAE) do Senado Federal. Ele detalhou que a categoria estuda passar a eleger uma lista tr\u00edplice de indicados ao cargo para apresentar ao Presidente da Rep\u00fablica, nos moldes em que o Minist\u00e9rio P\u00fablico Federal j\u00e1 realiza para a escolha do Procurador-Geral da Rep\u00fablica.<\/p>\n<p>&nbsp;<\/p>\n<p>Na avalia\u00e7\u00e3o de Piffer, o caso de Goldfajn \u00e9 diferente do de Arm\u00ednio Fraga e de Henrique Meirelles, pois, no momento em que eles foram indicados para presidir o BC, n\u00e3o tinham liga\u00e7\u00e3o com uma institui\u00e7\u00e3o financeira brasileira, diretamente sujeita \u00e0 fiscaliza\u00e7\u00e3o do \u00f3rg\u00e3o. Goldfajn era economista-chefe do Ita\u00fa Unibanco e, at\u00e9, bem pouco tempo, s\u00f3cio do banco. &#8220;J\u00e1 temos um sistema financeiro altamente ben\u00e9fico aos bancos. Est\u00e3o sempre entre as empresas com maiores lucros no pa\u00eds&#8221;, comentou.<\/p>\n","protected":false},"excerpt":{"rendered":"<p>POR ANTONIO TEM\u00d3TEO &nbsp; Ilan Goldfajn assumir\u00e1 o Banco Central (BC) sob desconfian\u00e7a dos servidores da autoridade monet\u00e1ria.\u00a0O presidente do Sindicato Nacional dos Funcion\u00e1rios do BC (Sinal), Daro Piffer, afirmou estar preocupado com a nomea\u00e7\u00e3o do economista, que \u00e9 sabatinado esta manh\u00e3 pela Comiss\u00e3o de Assuntos Econ\u00f4micos (CAE) do Senado Federal. Ele detalhou que a [&hellip;]<\/p>\n","protected":false},"author":22,"featured_media":0,"comment_status":"open","ping_status":"closed","sticky":false,"template":"","format":"standard","meta":{"footnotes":""},"categories":[1],"tags":[],"class_list":["post-1280","post","type-post","status-publish","format-standard","hentry","category-sem-categoria"],"_links":{"self":[{"href":"https:\/\/blogs.correiobraziliense.com.br\/vicente\/wp-json\/wp\/v2\/posts\/1280","targetHints":{"allow":["GET"]}}],"collection":[{"href":"https:\/\/blogs.correiobraziliense.com.br\/vicente\/wp-json\/wp\/v2\/posts"}],"about":[{"href":"https:\/\/blogs.correiobraziliense.com.br\/vicente\/wp-json\/wp\/v2\/types\/post"}],"author":[{"embeddable":true,"href":"https:\/\/blogs.correiobraziliense.com.br\/vicente\/wp-json\/wp\/v2\/users\/22"}],"replies":[{"embeddable":true,"href":"https:\/\/blogs.correiobraziliense.com.br\/vicente\/wp-json\/wp\/v2\/comments?post=1280"}],"version-history":[{"count":4,"href":"https:\/\/blogs.correiobraziliense.com.br\/vicente\/wp-json\/wp\/v2\/posts\/1280\/revisions"}],"predecessor-version":[{"id":1289,"href":"https:\/\/blogs.correiobraziliense.com.br\/vicente\/wp-json\/wp\/v2\/posts\/1280\/revisions\/1289"}],"wp:attachment":[{"href":"https:\/\/blogs.correiobraziliense.com.br\/vicente\/wp-json\/wp\/v2\/media?parent=1280"}],"wp:term":[{"taxonomy":"category","embeddable":true,"href":"https:\/\/blogs.correiobraziliense.com.br\/vicente\/wp-json\/wp\/v2\/categories?post=1280"},{"taxonomy":"post_tag","embeddable":true,"href":"https:\/\/blogs.correiobraziliense.com.br\/vicente\/wp-json\/wp\/v2\/tags?post=1280"}],"curies":[{"name":"wp","href":"https:\/\/api.w.org\/{rel}","templated":true}]}}