{"id":12795,"date":"2020-01-17T14:28:23","date_gmt":"2020-01-17T17:28:23","guid":{"rendered":"https:\/\/blogs.correiobraziliense.com.br\/vicente\/?p=12795"},"modified":"2020-01-17T16:14:56","modified_gmt":"2020-01-17T19:14:56","slug":"pensamento-de-alvim-continuara-predominante-no-governo-de-bolsonaro","status":"publish","type":"post","link":"https:\/\/blogs.correiobraziliense.com.br\/vicente\/pensamento-de-alvim-continuara-predominante-no-governo-de-bolsonaro\/","title":{"rendered":"Pensamento de Alvim continuar\u00e1 predominante no governo de Bolsonaro"},"content":{"rendered":"<h2>Roberto Alvim foi, merecidamente, demitido da secretaria Nacional de Cultura, mas seu pensamento continuar\u00e1 incrustado no governo. Muita gente da administra\u00e7\u00e3o de Jair Bolsonaro, incluindo o presidente, pensa como ele.<\/h2>\n<p>&nbsp;<\/p>\n<p>Quando se analisa os discursos de autoridades do governo ao longo do \u00faltimo ano, \u00e9 poss\u00edvel identificar o tom autorit\u00e1rio semelhante ao que prevaleceu no regime nazista. N\u00e3o h\u00e1 nenhum exagero nisso. Essa \u00e9 a extrema direita, radical.<\/p>\n<p>&nbsp;<\/p>\n<p>H\u00e1 todo um combate \u00e0 liberdade de express\u00e3o, aos artistas, \u00e0 imprensa, a todos que representem amea\u00e7a ao pensamento \u00fanico, extremamente conservador, que o atual governo quer fazer valer no Brasil.<\/p>\n<p>&nbsp;<\/p>\n<p>Assim como livros foram queimados na Alemanha nazista, querem, por aqui, reescrever livros hist\u00f3ricos, apagar fatos que incomodam os que est\u00e3o no poder. S\u00e3o semelhan\u00e7as assustadoras, que incluem o fundamentalismo religioso, que n\u00e3o cabe em um Estado laico.<\/p>\n<p>&nbsp;<\/p>\n<p><strong>Pa\u00eds das trevas<\/strong><\/p>\n<p>&nbsp;<\/p>\n<p>Que todos fiquem atentos, pois, mesmo com o Alvim fora do governo, nada mudar\u00e1 no pensamento predominante no Pal\u00e1cio do Planalto, no entorno do presidente da Rep\u00fablica. O perfil dos que est\u00e3o no poder hoje \u00e9 o do autoritarismo.<\/p>\n<p>&nbsp;<\/p>\n<p>N\u00e3o por acaso, um dos filhos do presidente, o deputado Eduardo Bolsonaro (PSL-SP), j\u00e1 alardou ser favor\u00e1vel \u00e0 volta do AI-5, o instrumento mais perverso usado pela ditadura para calar e matar todos os que ousavam gritar contra o regime.<\/p>\n<p>&nbsp;<\/p>\n<p>Apesar de todos os pedidos de desculpas \u2014 a maioria, para ingl\u00eas ver \u2014, tudo continuar\u00e1 como est\u00e1. E n\u00e3o se assustem se o movimento comandado por Bolsonaro ficar ainda mais forte dentro do governo. O entorno do presidente n\u00e3o se conforma em entregar um dos seus.<\/p>\n<p>&nbsp;<\/p>\n<p>A queda de Alvim, que usou um discurso semelhante a do nazista Joseph Goebbels para lan\u00e7ar um pr\u00eamio de artes, felizmente, mostrou que boa parte da sociedade n\u00e3o aceita retrocessos. Mesmo aliados de primeira hora de Bolsonaro reagiram negativamente \u00e0s absurdas declara\u00e7\u00f5es do agora ex-secret\u00e1rio.<\/p>\n<p>&nbsp;<\/p>\n<p>Esse \u00e9 o lado bom da hist\u00f3ria. Uma sociedade em estado de alerta n\u00e3o permite que surtos de autoritarismo massacrem o livre pensamento e empurrem o pa\u00eds para as trevas.<\/p>\n<p>&nbsp;<\/p>\n<p><em>Bras\u00edlia, 14h28min<\/em><\/p>\n","protected":false},"excerpt":{"rendered":"<p>Roberto Alvim foi, merecidamente, demitido da secretaria Nacional de Cultura, mas seu pensamento continuar\u00e1 incrustado no governo. Muita gente da administra\u00e7\u00e3o de Jair Bolsonaro, incluindo o presidente, pensa como ele. &nbsp; Quando se analisa os discursos de autoridades do governo ao longo do \u00faltimo ano, \u00e9 poss\u00edvel identificar o tom autorit\u00e1rio semelhante ao que prevaleceu [&hellip;]<\/p>\n","protected":false},"author":22,"featured_media":12208,"comment_status":"open","ping_status":"closed","sticky":false,"template":"","format":"standard","meta":{"footnotes":""},"categories":[600],"tags":[4393,2554,4263,3509,4391],"class_list":["post-12795","post","type-post","status-publish","format-standard","has-post-thumbnail","hentry","category-economia","tag-autoritarismo","tag-bolsonaro","tag-cultura","tag-nazismo","tag-roberto-alvim"],"_links":{"self":[{"href":"https:\/\/blogs.correiobraziliense.com.br\/vicente\/wp-json\/wp\/v2\/posts\/12795","targetHints":{"allow":["GET"]}}],"collection":[{"href":"https:\/\/blogs.correiobraziliense.com.br\/vicente\/wp-json\/wp\/v2\/posts"}],"about":[{"href":"https:\/\/blogs.correiobraziliense.com.br\/vicente\/wp-json\/wp\/v2\/types\/post"}],"author":[{"embeddable":true,"href":"https:\/\/blogs.correiobraziliense.com.br\/vicente\/wp-json\/wp\/v2\/users\/22"}],"replies":[{"embeddable":true,"href":"https:\/\/blogs.correiobraziliense.com.br\/vicente\/wp-json\/wp\/v2\/comments?post=12795"}],"version-history":[{"count":3,"href":"https:\/\/blogs.correiobraziliense.com.br\/vicente\/wp-json\/wp\/v2\/posts\/12795\/revisions"}],"predecessor-version":[{"id":12798,"href":"https:\/\/blogs.correiobraziliense.com.br\/vicente\/wp-json\/wp\/v2\/posts\/12795\/revisions\/12798"}],"wp:featuredmedia":[{"embeddable":true,"href":"https:\/\/blogs.correiobraziliense.com.br\/vicente\/wp-json\/wp\/v2\/media\/12208"}],"wp:attachment":[{"href":"https:\/\/blogs.correiobraziliense.com.br\/vicente\/wp-json\/wp\/v2\/media?parent=12795"}],"wp:term":[{"taxonomy":"category","embeddable":true,"href":"https:\/\/blogs.correiobraziliense.com.br\/vicente\/wp-json\/wp\/v2\/categories?post=12795"},{"taxonomy":"post_tag","embeddable":true,"href":"https:\/\/blogs.correiobraziliense.com.br\/vicente\/wp-json\/wp\/v2\/tags?post=12795"}],"curies":[{"name":"wp","href":"https:\/\/api.w.org\/{rel}","templated":true}]}}