{"id":12777,"date":"2020-01-17T11:29:34","date_gmt":"2020-01-17T14:29:34","guid":{"rendered":"https:\/\/blogs.correiobraziliense.com.br\/vicente\/?p=12777"},"modified":"2020-01-17T13:36:45","modified_gmt":"2020-01-17T16:36:45","slug":"cupula-militar-bolsonaro-tem-que-encerrar-logo-a-crise-criada-por-alvim","status":"publish","type":"post","link":"https:\/\/blogs.correiobraziliense.com.br\/vicente\/cupula-militar-bolsonaro-tem-que-encerrar-logo-a-crise-criada-por-alvim\/","title":{"rendered":"Para c\u00fapula militar, Bolsonaro tem que encerrar logo a crise criada por Alvim"},"content":{"rendered":"<p>A c\u00fapula militar do Pal\u00e1cio do Planalto pediu ao presidente Jair Bolsonaro que demita sumariamente o secret\u00e1rio Nacional de Cultura, Roberto Alvim, para evitar uma crise ainda maior para o governo. Os generais Augusto Heleno, ministro do Gabinete de Seguran\u00e7a Institucional, e Luiz Eduardo Ramos, ministro da Secretaria de Governo, alertaram Bolsonaro que Alvim passou de todos os limites. N\u00e3o h\u00e1 mais como mant\u00ea-lo no governo.<\/p>\n<p>&nbsp;<\/p>\n<p>O secret\u00e1rio usou trechos de um discurso do ministro nazista Joseph Goebbels para falar do novo pr\u00eamio de arte do Brasil. A rea\u00e7\u00e3o foi imediata. O governo passou a receber cr\u00edticas de todos os lados, inclusive de apoiadores de primeira hora do presidente. As falas inaceit\u00e1veis de Alvim vieram logo depois do esc\u00e2ndalo protagonizado pelo secret\u00e1rio de Comunica\u00e7\u00e3o da Presid\u00eancia da Rep\u00fablica, F\u00e1bio Wajngarten, cuja empresa, a FW Comunica\u00e7\u00e3o, recebeu dinheiro de tev\u00eas e ag\u00eancias de publicidade agraciadas com verbas p\u00fablicas.<\/p>\n<p>&nbsp;<\/p>\n<h2><strong>Sangramento<\/strong><\/h2>\n<p>&nbsp;<\/p>\n<p>Para os militares, o governo precisa encerrar logo a crise com uma atitude en\u00e9rgica, ou seja, a demiss\u00e3o urgente de Alvim. Monitoramentos feito pelo Planalto na redes sociais mostram que h\u00e1 tempos n\u00e3o se via tantos ataques ao governo, inclusive de aliados. &#8220;O presidente precisa estancar o sangramento de forma urgente&#8221;, diz um assessor do Planalto. Ele ressalta que as crises criadas tanto pelo secret\u00e1rio de Comunica\u00e7\u00e3o quanto pelo secret\u00e1rio de Cultura minaram ainda mais a imagem do governo.<\/p>\n<p>&nbsp;<\/p>\n<p>De um lado,\u00a0F\u00e1bio Wajngarten derrubou um mito de que n\u00e3o h\u00e1 ind\u00edcios de corrup\u00e7\u00e3o no governo. Pegou muito mal uma pessoa t\u00e3o pr\u00f3xima do presidente estar sendo acusada de receber dinheiro p\u00fablico para favorecer clientes de sua empresa. No caso de Roberto Alvim, consolidou-se a vis\u00e3o autorit\u00e1ria que marca o governo. Um secret\u00e1rio defende o nazismo e o filho do presidente, deputado Bolsonaro, j\u00e1 pregou a volta do AI-5. &#8220;Enfim, est\u00e1 tudo ruim neste momento para o governo&#8221;, acrescenta o mesmo assessor.<\/p>\n<p>&nbsp;<\/p>\n<p><em>Bras\u00edlia, 11h29min<\/em><\/p>\n","protected":false},"excerpt":{"rendered":"<p>A c\u00fapula militar do Pal\u00e1cio do Planalto pediu ao presidente Jair Bolsonaro que demita sumariamente o secret\u00e1rio Nacional de Cultura, Roberto Alvim, para evitar uma crise ainda maior para o governo. Os generais Augusto Heleno, ministro do Gabinete de Seguran\u00e7a Institucional, e Luiz Eduardo Ramos, ministro da Secretaria de Governo, alertaram Bolsonaro que Alvim passou [&hellip;]<\/p>\n","protected":false},"author":22,"featured_media":10126,"comment_status":"open","ping_status":"closed","sticky":false,"template":"","format":"standard","meta":{"footnotes":""},"categories":[600],"tags":[22,4392,769,3509,4391],"class_list":["post-12777","post","type-post","status-publish","format-standard","has-post-thumbnail","hentry","category-economia","tag-demissao","tag-goebbels","tag-militares","tag-nazismo","tag-roberto-alvim"],"_links":{"self":[{"href":"https:\/\/blogs.correiobraziliense.com.br\/vicente\/wp-json\/wp\/v2\/posts\/12777","targetHints":{"allow":["GET"]}}],"collection":[{"href":"https:\/\/blogs.correiobraziliense.com.br\/vicente\/wp-json\/wp\/v2\/posts"}],"about":[{"href":"https:\/\/blogs.correiobraziliense.com.br\/vicente\/wp-json\/wp\/v2\/types\/post"}],"author":[{"embeddable":true,"href":"https:\/\/blogs.correiobraziliense.com.br\/vicente\/wp-json\/wp\/v2\/users\/22"}],"replies":[{"embeddable":true,"href":"https:\/\/blogs.correiobraziliense.com.br\/vicente\/wp-json\/wp\/v2\/comments?post=12777"}],"version-history":[{"count":13,"href":"https:\/\/blogs.correiobraziliense.com.br\/vicente\/wp-json\/wp\/v2\/posts\/12777\/revisions"}],"predecessor-version":[{"id":12794,"href":"https:\/\/blogs.correiobraziliense.com.br\/vicente\/wp-json\/wp\/v2\/posts\/12777\/revisions\/12794"}],"wp:featuredmedia":[{"embeddable":true,"href":"https:\/\/blogs.correiobraziliense.com.br\/vicente\/wp-json\/wp\/v2\/media\/10126"}],"wp:attachment":[{"href":"https:\/\/blogs.correiobraziliense.com.br\/vicente\/wp-json\/wp\/v2\/media?parent=12777"}],"wp:term":[{"taxonomy":"category","embeddable":true,"href":"https:\/\/blogs.correiobraziliense.com.br\/vicente\/wp-json\/wp\/v2\/categories?post=12777"},{"taxonomy":"post_tag","embeddable":true,"href":"https:\/\/blogs.correiobraziliense.com.br\/vicente\/wp-json\/wp\/v2\/tags?post=12777"}],"curies":[{"name":"wp","href":"https:\/\/api.w.org\/{rel}","templated":true}]}}