{"id":12764,"date":"2020-01-16T13:11:37","date_gmt":"2020-01-16T16:11:37","guid":{"rendered":"https:\/\/blogs.correiobraziliense.com.br\/vicente\/?p=12764"},"modified":"2020-01-16T13:11:37","modified_gmt":"2020-01-16T16:11:37","slug":"inss-precisa-digitalizar-da-porta-para-dentro-diz-paulo-uebel","status":"publish","type":"post","link":"https:\/\/blogs.correiobraziliense.com.br\/vicente\/inss-precisa-digitalizar-da-porta-para-dentro-diz-paulo-uebel\/","title":{"rendered":"&#8220;INSS precisa digitalizar da porta para dentro&#8221;, diz Paulo Uebel"},"content":{"rendered":"<p><span style=\"font-weight: 400\">ROSANA HESSEL<\/span><\/p>\n<p>&nbsp;<\/p>\n<p><span style=\"font-weight: 400\">Para melhorar o atendimento do Instituto Nacional do Seguro Social (INSS) e reduzir as enormes filas nas ag\u00eancias, ser\u00e1 preciso tamb\u00e9m digitalizar os procedimentos internos, o chamado back office,\u00a0 de acordo com o secret\u00e1rio especial de Desburocratiza\u00e7\u00e3o, Gest\u00e3o e Governo Digital do Minist\u00e9rio da Economia, Paulo Uebel.\u00a0 Segundo ele, a informatiza\u00e7\u00e3o dos servi\u00e7os do INSS, por enquanto, \u00e9 parcial, porque ocorreu apenas nos procedimentos externos, no front office.\u00a0<\/span><\/p>\n<p>&nbsp;<\/p>\n<p><span style=\"font-weight: 400\">\u201cA digitaliza\u00e7\u00e3o (do INSS) alcan\u00e7ou etapas iniciais, mas tem todo um trabalho ainda, que s\u00e3o processos internos de an\u00e1lise, que ainda n\u00e3o conseguimos avan\u00e7ar. Em 2019, digitalizamos da porta para fora. Agora, em 2020, vai ser da porta para dentro\u201d, explicou Uebel, nesta quinta-feira (16\/01), a jornalistas durante balan\u00e7o de a\u00e7\u00f5es da pasta em no ano passado e apresenta\u00e7\u00e3o de metas para este ano, ao ser questionado sobre as filas no \u00f3rg\u00e3o. &#8220;O canal digital antecipou a demanda, mas os processos internos n\u00e3o foram totalmente adaptados para o aumento do fluxo&#8221;, adicionou.<\/span><\/p>\n<p>&nbsp;<\/p>\n<p><span style=\"font-weight: 400\">Uebel destacou que o governo n\u00e3o pretende digitalizar os servi\u00e7os p\u00fablicos que exigem atendimento humano, mas agilizar os complementares, principalmente, aqueles que n\u00e3o est\u00e3o relacionados com a atividade fim de cada \u00f3rg\u00e3o. <\/span><\/p>\n<p>&nbsp;<\/p>\n<p><span style=\"font-weight: 400\">De acordo com o secret\u00e1rio, a situa\u00e7\u00e3o fiscal do governo tem dificultado a realiza\u00e7\u00e3o de concursos, mas, no caso do INSS, o volume de contrata\u00e7\u00f5es foi o maior na esfera p\u00fablica federal. \u201cO INSS n\u00e3o foi negligenciado em concurso. Entre 2010 e 2019, registramos o ingresso de 8,9 mil pessoas. Nenhum outro \u00f3rg\u00e3o teve esse volume\u201d, disse ele, reconhecendo que esse montante pode n\u00e3o ter sido suficiente para atender as necessidades do \u00f3rg\u00e3o.\u00a0<\/span><\/p>\n<p>&nbsp;<\/p>\n<p><span style=\"font-weight: 400\">No caso dos militares que ser\u00e3o chamados para ajudar no atendimento das ag\u00eancias, a atua\u00e7\u00e3o deles dever\u00e1 ser apenas na triagem prim\u00e1ria, uma vez que o preparo t\u00e9cnico nos procedimentos mais complexos exigir\u00e1 profissionais mais qualificados, segundo uma fonte do governo.<\/span><\/p>\n<p>&nbsp;<\/p>\n<p><span style=\"font-weight: 400\">A meta da secretaria para este ano \u00e9 dar continuidade aos processos de revis\u00f5es de carreiras, extin\u00e7\u00e3o de cargos obsoletos e digitaliza\u00e7\u00e3o de servi\u00e7os para aumentar a efici\u00eancia da administra\u00e7\u00e3o p\u00fablica.\u00a0<\/span><span style=\"font-weight: 400\">\u201cAo longo deste ano, vamos, obviamente, uma s\u00e9rie de atividade de apoio da \u00e1rea meio para direcionar os concursos para as atividades fim\u201d, completou.<\/span><\/p>\n<p>&nbsp;<\/p>\n<p>Para este ano, n\u00e3o h\u00e1 um n\u00famero fechado de quantos concursos dever\u00e3o ser realizados para a administra\u00e7\u00e3o p\u00fablica. Em 2019, foram extintos 40 mil cargos obsoletos e, para este ano, a pasta est\u00e1 fazendo um levantamento junto aos \u00f3rg\u00e3os de quantos dever\u00e3o ser eliminados.<\/p>\n<p>&nbsp;<\/p>\n<p><span style=\"font-weight: 400\">Uebel contou ainda que o governo pretende trabalhar neste ano na regulamenta\u00e7\u00e3o da Lei de Liberdade Econ\u00f4mica, aprovada em 2019. Pelas estimativas equipe econ\u00f4mica deve gerar, em dez anos, 3,7 milh\u00f5es de emprego e contribuir para o aumento de 7% do Produto Interno Bruto (PIB) per capita. \u201cEstamos conversando com as juntas comerciais e nosso objetivo \u00e9 reduzir o prazo de abertura de empresas para duas horas\u201d, adiantou.<\/span><\/p>\n<p>&nbsp;<\/p>\n<p>&nbsp;<\/p>\n","protected":false},"excerpt":{"rendered":"<p>ROSANA HESSEL &nbsp; Para melhorar o atendimento do Instituto Nacional do Seguro Social (INSS) e reduzir as enormes filas nas ag\u00eancias, ser\u00e1 preciso tamb\u00e9m digitalizar os procedimentos internos, o chamado back office,\u00a0 de acordo com o secret\u00e1rio especial de Desburocratiza\u00e7\u00e3o, Gest\u00e3o e Governo Digital do Minist\u00e9rio da Economia, Paulo Uebel.\u00a0 Segundo ele, a informatiza\u00e7\u00e3o dos [&hellip;]<\/p>\n","protected":false},"author":22,"featured_media":0,"comment_status":"open","ping_status":"closed","sticky":false,"template":"","format":"standard","meta":{"footnotes":""},"categories":[600],"tags":[911,2850,3384,408,4388],"class_list":["post-12764","post","type-post","status-publish","format-standard","hentry","category-economia","tag-concursos","tag-digitalizacao","tag-filas","tag-inss","tag-paulo-uebel"],"_links":{"self":[{"href":"https:\/\/blogs.correiobraziliense.com.br\/vicente\/wp-json\/wp\/v2\/posts\/12764","targetHints":{"allow":["GET"]}}],"collection":[{"href":"https:\/\/blogs.correiobraziliense.com.br\/vicente\/wp-json\/wp\/v2\/posts"}],"about":[{"href":"https:\/\/blogs.correiobraziliense.com.br\/vicente\/wp-json\/wp\/v2\/types\/post"}],"author":[{"embeddable":true,"href":"https:\/\/blogs.correiobraziliense.com.br\/vicente\/wp-json\/wp\/v2\/users\/22"}],"replies":[{"embeddable":true,"href":"https:\/\/blogs.correiobraziliense.com.br\/vicente\/wp-json\/wp\/v2\/comments?post=12764"}],"version-history":[{"count":2,"href":"https:\/\/blogs.correiobraziliense.com.br\/vicente\/wp-json\/wp\/v2\/posts\/12764\/revisions"}],"predecessor-version":[{"id":12766,"href":"https:\/\/blogs.correiobraziliense.com.br\/vicente\/wp-json\/wp\/v2\/posts\/12764\/revisions\/12766"}],"wp:attachment":[{"href":"https:\/\/blogs.correiobraziliense.com.br\/vicente\/wp-json\/wp\/v2\/media?parent=12764"}],"wp:term":[{"taxonomy":"category","embeddable":true,"href":"https:\/\/blogs.correiobraziliense.com.br\/vicente\/wp-json\/wp\/v2\/categories?post=12764"},{"taxonomy":"post_tag","embeddable":true,"href":"https:\/\/blogs.correiobraziliense.com.br\/vicente\/wp-json\/wp\/v2\/tags?post=12764"}],"curies":[{"name":"wp","href":"https:\/\/api.w.org\/{rel}","templated":true}]}}