{"id":12752,"date":"2020-01-15T19:01:14","date_gmt":"2020-01-15T22:01:14","guid":{"rendered":"https:\/\/blogs.correiobraziliense.com.br\/vicente\/?p=12752"},"modified":"2020-01-15T19:58:36","modified_gmt":"2020-01-15T22:58:36","slug":"coco-bambu-kalunga-oba-e-brooksfield-donna-vao-aportar-no-iguatemi-brasilia","status":"publish","type":"post","link":"https:\/\/blogs.correiobraziliense.com.br\/vicente\/coco-bambu-kalunga-oba-e-brooksfield-donna-vao-aportar-no-iguatemi-brasilia\/","title":{"rendered":"Coco Bambu, Kalunga, Oba e Brooksfield Donna v\u00e3o aportar no Iguatemi Bras\u00edlia"},"content":{"rendered":"<h2>O ano come\u00e7ou agitado no Iguatemi Bras\u00edlia. Al\u00e9m da abertura do restaurante Madero e da loja de Alexandre Birman, o centro comercial receber\u00e1, at\u00e9 junho, pelo menos mais quatro empreendimentos: a papelaria Kalunga, que abrir\u00e1 as portas dia 17 de janeiro; a rede se hortifrutis Oba (em maio); a loja de roupas femininas Brooksfield Donna; e o restaurante Coco Bambu.<\/h2>\n<p>&nbsp;<\/p>\n<p>Segundo Andr\u00e9 Moreno, diretor de Opera\u00e7\u00f5es do Iguatemi, esse movimento reflete, em parte, a retomada da economia. Ele ressalta que \u00e9 vis\u00edvel o aumento da confian\u00e7a dos consumidores, que se beneficiam do controle da infla\u00e7\u00e3o e das mais baixa taxas de juros da hist\u00f3ria.<\/p>\n<p>&nbsp;<\/p>\n<p>Moreno ressalta que os \u00faltimos \u00faltimos meses de 2019 foram muito bons em termos de vendas, sobretudo novembro, por causa da Black Friday. Ajudou muito nesse movimento a libera\u00e7\u00e3o de recursos do Fundo de Garantia do Tempo de Servi\u00e7o (FGTS).<\/p>\n<p>&nbsp;<\/p>\n<p><strong>Diversifica\u00e7\u00e3o<\/strong><\/p>\n<p>&nbsp;<\/p>\n<p>Localizado no Lago Norte, \u00e1rea nobre de Bras\u00edlia, o Iguatemi fez uma ampla reestrutura\u00e7\u00e3o do seu mix de produtos. Hoje, 50% do que \u00e9 oferecido no shopping s\u00e3o servi\u00e7os. As pessoas, acrescenta ele, querem resolver suas vidas nos centros comerciais. E quem entendeu isso est\u00e1 conseguindo crescer al\u00e9m da m\u00e9dia do mercado.<\/p>\n<p>&nbsp;<\/p>\n<p>Para Moreno, diante do que se est\u00e1 vendo na economia, \u00e9 poss\u00edvel apostar em um 2020 melhor do que o ano anterior. Pelas proje\u00e7\u00f5es m\u00e9dias do mercado financeiro, o crescimento do Produto Interno Bruto (PIB) ser\u00e1 de 2,2%. O Minist\u00e9rio da Economia fala em alta de 2,4%.<\/p>\n<p>&nbsp;<\/p>\n<p>O executivo acredita que o mercado de shopping centers t\u00eam muito o que crescer no pa\u00eds. Os brasileiros gostam de frequentar esses estabelecimentos pelo conjunto de produtos e servi\u00e7os que oferecem e pela seguran\u00e7a. \u00c9 um passeio em fam\u00edlia.<\/p>\n<p>&nbsp;<\/p>\n<p>A rede Iguatemi tem 16 shoppings e dois outlets espalhados pelo pa\u00eds. E novos investimentos devem vir por a\u00ed. &#8220;Estamos confiantes no mercado que atuamos&#8221;, afirma Moreno.<\/p>\n<p>&nbsp;<\/p>\n<p><em>Bras\u00edlia, 19h01min<\/em><\/p>\n","protected":false},"excerpt":{"rendered":"<p>O ano come\u00e7ou agitado no Iguatemi Bras\u00edlia. Al\u00e9m da abertura do restaurante Madero e da loja de Alexandre Birman, o centro comercial receber\u00e1, at\u00e9 junho, pelo menos mais quatro empreendimentos: a papelaria Kalunga, que abrir\u00e1 as portas dia 17 de janeiro; a rede se hortifrutis Oba (em maio); a loja de roupas femininas Brooksfield Donna; [&hellip;]<\/p>\n","protected":false},"author":22,"featured_media":0,"comment_status":"open","ping_status":"closed","sticky":false,"template":"","format":"standard","meta":{"footnotes":""},"categories":[600],"tags":[4383,4382,4380,4381,4384,3927],"class_list":["post-12752","post","type-post","status-publish","format-standard","hentry","category-economia","tag-alexandre-birman","tag-coco-bambu","tag-iguatemi","tag-kalunga","tag-madero","tag-shopping"],"_links":{"self":[{"href":"https:\/\/blogs.correiobraziliense.com.br\/vicente\/wp-json\/wp\/v2\/posts\/12752","targetHints":{"allow":["GET"]}}],"collection":[{"href":"https:\/\/blogs.correiobraziliense.com.br\/vicente\/wp-json\/wp\/v2\/posts"}],"about":[{"href":"https:\/\/blogs.correiobraziliense.com.br\/vicente\/wp-json\/wp\/v2\/types\/post"}],"author":[{"embeddable":true,"href":"https:\/\/blogs.correiobraziliense.com.br\/vicente\/wp-json\/wp\/v2\/users\/22"}],"replies":[{"embeddable":true,"href":"https:\/\/blogs.correiobraziliense.com.br\/vicente\/wp-json\/wp\/v2\/comments?post=12752"}],"version-history":[{"count":1,"href":"https:\/\/blogs.correiobraziliense.com.br\/vicente\/wp-json\/wp\/v2\/posts\/12752\/revisions"}],"predecessor-version":[{"id":12753,"href":"https:\/\/blogs.correiobraziliense.com.br\/vicente\/wp-json\/wp\/v2\/posts\/12752\/revisions\/12753"}],"wp:attachment":[{"href":"https:\/\/blogs.correiobraziliense.com.br\/vicente\/wp-json\/wp\/v2\/media?parent=12752"}],"wp:term":[{"taxonomy":"category","embeddable":true,"href":"https:\/\/blogs.correiobraziliense.com.br\/vicente\/wp-json\/wp\/v2\/categories?post=12752"},{"taxonomy":"post_tag","embeddable":true,"href":"https:\/\/blogs.correiobraziliense.com.br\/vicente\/wp-json\/wp\/v2\/tags?post=12752"}],"curies":[{"name":"wp","href":"https:\/\/api.w.org\/{rel}","templated":true}]}}