{"id":12748,"date":"2020-01-15T19:10:29","date_gmt":"2020-01-15T22:10:29","guid":{"rendered":"https:\/\/blogs.correiobraziliense.com.br\/vicente\/?p=12748"},"modified":"2020-01-15T19:10:29","modified_gmt":"2020-01-15T22:10:29","slug":"sem-devolucao-do-bndes-divida-publica-estaria-em-83-do-pib-ifi","status":"publish","type":"post","link":"https:\/\/blogs.correiobraziliense.com.br\/vicente\/sem-devolucao-do-bndes-divida-publica-estaria-em-83-do-pib-ifi\/","title":{"rendered":"Sem devolu\u00e7\u00e3o do BNDES, d\u00edvida p\u00fablica estaria em 83% do PIB, diz IFI"},"content":{"rendered":"<p>ROSANA HESSEL<\/p>\n<p>&nbsp;<\/p>\n<p>O pagamento antecipado de aportes feitos pela Uni\u00e3o no Banco de Desenvolvimento Econ\u00f4mico e Social (BNDES) melhorou significativamente o perfil da d\u00edvida p\u00fablica bruta em 2019, evitando que ela ultrapassasse 80% do Produto Interno Bruto (PIB) no pen\u00faltimo m\u00eas do ano passado.\u00a0Pelas contas da Institui\u00e7\u00e3o Fiscal Independente (IFI), do Senado, se n\u00e3o fossem as devolu\u00e7\u00f5es do banco em volume bem acima do previsto, a d\u00edvida p\u00fablica bruta estaria em 83% do PIB em novembro.<\/p>\n<p>&nbsp;<\/p>\n<p>No in\u00edcio de 2019, a previs\u00e3o do BNDES era devolver R$ 26 bilh\u00f5es para os cofres p\u00fablicos, mas o banco chefiado por Gustavo Montezano acabou fazendo um acordo com o Minist\u00e9rio da Economia para ampliar esse volume em meio \u00e0 piora das previs\u00f5es sobre a retomada da economia no meio do ano. Com isso, o volume devolvido chegou a R$ 123 bilh\u00f5es e como mostram os dados do Banco Central, em novembro, o endividamento do governo geral ficou em 77,7% do PIB. Vale lembrar que\u00a0m\u00e9dia da d\u00edvida bruta de pa\u00edses emergentes gira em torno de 50% do PIB.<\/p>\n<p>&nbsp;<\/p>\n<p>\u201cA estabilidade da d\u00edvida p\u00fablica nos pr\u00f3ximos anos exigir\u00e1 manuten\u00e7\u00e3o das despesas discricion\u00e1rias em n\u00edvel reduzido e forte controle de pessoal\u201d, recomendou a IFI em seu Relat\u00f3rio de Acompanhamento Fiscal (RAF), divulgado nesta quarta-feira (15\/01).<\/p>\n<p>&nbsp;<\/p>\n<p>O \u00f3rg\u00e3o apontou preocupa\u00e7\u00e3o com o fato de a melhora do resultado prim\u00e1rio ter sido obtido com receitas n\u00e3o recorrentes, que ajudaram a reduzir o rombo das contas p\u00fablicas, e forte redu\u00e7\u00e3o das despesas discricion\u00e1rias. \u201cN\u00e3o h\u00e1 garantia de que a cada ano haver\u00e1 uma fonte importante de receita n\u00e3o recorrente, assim como n\u00e3o ser\u00e1 poss\u00edvel a cada ano reduzir as despesas discricion\u00e1rias, sob pena de comprometer o funcionamento da administra\u00e7\u00e3o p\u00fablica\u201d, destacou o documento.<\/p>\n<p>&nbsp;<\/p>\n<p>De acordo com o diretor-executivo da IFI, Felipe Salto, o resgate antecipado de cr\u00e9ditos da Uni\u00e3o, desde 2015, reduziu a d\u00edvida p\u00fablica bruta em 5,3 pontos percentuais, mas o maior volume ocorreu entre 2016 e 2019. \u201cSe as devolu\u00e7\u00f5es continuarem a ser antecipadas em 2020, a d\u00edvida ser\u00e1 controlada ainda mais rapidamente\u201d, explicou ele, acrescentando que o efeito positivo da redu\u00e7\u00e3o da taxa de juros b\u00e1sica (Selic), atualmente em 4,5% ao ano, o menor patamar da hist\u00f3ria, n\u00e3o est\u00e1 nessa conta.<\/p>\n<p>&nbsp;<\/p>\n<p><strong>Equil\u00edbrio\u00a0<\/strong><\/p>\n<p>&nbsp;<\/p>\n<p>Apesar de a equipe econ\u00f4mica destacar a melhora no resultado prim\u00e1rio das contas p\u00fablicas, Salto ainda acha cedo para falar em equil\u00edbrio fiscal estrutural. \u201cO que ocorreu at\u00e9 agora foram as devolu\u00e7\u00f5es do BNDES, a venda de reservas internacionais, a entrada de receita extraordin\u00e1ria e o controle do gasto discricion\u00e1rio (n\u00e3o obrigat\u00f3rio) via redu\u00e7\u00e3o de investimentos\u201d, explicou. \u201cSer\u00e1 preciso ir al\u00e9m, controlando de fato a despesa obrigat\u00f3ria. A reforma da Previd\u00eancia ajuda, mas efeitos s\u00e3o maiores a longo prazo. \u00c9 preciso avan\u00e7ar sobre o gasto com pessoal\u201d, refor\u00e7ou.<\/p>\n<p>&nbsp;<\/p>\n<p>O especialista em contas p\u00fablicas lembrou que a queda da Selic \u00e9 um fator estrutural, mas a Selic n\u00e3o dever\u00e1 continuar no patamar atual para sempre. \u201cQuando a economia reaquecer e o hiato do produto se fechar, os juros sobem. O ideal \u00e9 que tenhamos avan\u00e7ado no ajuste fiscal at\u00e9 l\u00e1\u201d, frisou o diretor da IFI.<\/p>\n<p>&nbsp;<\/p>\n<p><strong>Sal\u00e1rio m\u00ednimo<\/strong><\/p>\n<p>&nbsp;<\/p>\n<p>Pelas contas de Salto, o impacto do novo reajuste do sal\u00e1rio m\u00ednimo anunciado ontem pelo governo ter\u00e1 um impacto fiscal de R$ 3,3 bilh\u00f5es, dado superior aos R$ 2,13 bilh\u00f5es previstos pela equipe econ\u00f4mica liderada pelo ministro Paulo Guedes. \u201cO governo disse que fixar\u00e1 o m\u00ednimo em R$ 1.045. Se fosse corrigir apenas pelo INPC (\u00cdndice Nacional de Pre\u00e7os ao Consumidor) de 4,48% em 2019, daria R$ 1.042,71. Ou seja, ele vai ficar um pouco acima\u201d, destacou.<\/p>\n","protected":false},"excerpt":{"rendered":"<p>ROSANA HESSEL &nbsp; O pagamento antecipado de aportes feitos pela Uni\u00e3o no Banco de Desenvolvimento Econ\u00f4mico e Social (BNDES) melhorou significativamente o perfil da d\u00edvida p\u00fablica bruta em 2019, evitando que ela ultrapassasse 80% do Produto Interno Bruto (PIB) no pen\u00faltimo m\u00eas do ano passado.\u00a0Pelas contas da Institui\u00e7\u00e3o Fiscal Independente (IFI), do Senado, se n\u00e3o [&hellip;]<\/p>\n","protected":false},"author":22,"featured_media":0,"comment_status":"open","ping_status":"closed","sticky":false,"template":"","format":"standard","meta":{"footnotes":""},"categories":[600],"tags":[542,804,902,2433,3566,58],"class_list":["post-12748","post","type-post","status-publish","format-standard","hentry","category-economia","tag-contas-publicas","tag-divida-publica","tag-felipe-salto","tag-fiscal","tag-ifi","tag-pib"],"_links":{"self":[{"href":"https:\/\/blogs.correiobraziliense.com.br\/vicente\/wp-json\/wp\/v2\/posts\/12748","targetHints":{"allow":["GET"]}}],"collection":[{"href":"https:\/\/blogs.correiobraziliense.com.br\/vicente\/wp-json\/wp\/v2\/posts"}],"about":[{"href":"https:\/\/blogs.correiobraziliense.com.br\/vicente\/wp-json\/wp\/v2\/types\/post"}],"author":[{"embeddable":true,"href":"https:\/\/blogs.correiobraziliense.com.br\/vicente\/wp-json\/wp\/v2\/users\/22"}],"replies":[{"embeddable":true,"href":"https:\/\/blogs.correiobraziliense.com.br\/vicente\/wp-json\/wp\/v2\/comments?post=12748"}],"version-history":[{"count":2,"href":"https:\/\/blogs.correiobraziliense.com.br\/vicente\/wp-json\/wp\/v2\/posts\/12748\/revisions"}],"predecessor-version":[{"id":12751,"href":"https:\/\/blogs.correiobraziliense.com.br\/vicente\/wp-json\/wp\/v2\/posts\/12748\/revisions\/12751"}],"wp:attachment":[{"href":"https:\/\/blogs.correiobraziliense.com.br\/vicente\/wp-json\/wp\/v2\/media?parent=12748"}],"wp:term":[{"taxonomy":"category","embeddable":true,"href":"https:\/\/blogs.correiobraziliense.com.br\/vicente\/wp-json\/wp\/v2\/categories?post=12748"},{"taxonomy":"post_tag","embeddable":true,"href":"https:\/\/blogs.correiobraziliense.com.br\/vicente\/wp-json\/wp\/v2\/tags?post=12748"}],"curies":[{"name":"wp","href":"https:\/\/api.w.org\/{rel}","templated":true}]}}