{"id":12734,"date":"2020-01-15T16:26:44","date_gmt":"2020-01-15T19:26:44","guid":{"rendered":"https:\/\/blogs.correiobraziliense.com.br\/vicente\/?p=12734"},"modified":"2020-01-15T18:27:45","modified_gmt":"2020-01-15T21:27:45","slug":"fluxo-cambial-fica-positivo-em-us-11-bi-mas-dolar-alto-preocupa","status":"publish","type":"post","link":"https:\/\/blogs.correiobraziliense.com.br\/vicente\/fluxo-cambial-fica-positivo-em-us-11-bi-mas-dolar-alto-preocupa\/","title":{"rendered":"Fluxo cambial fica positivo em US$ 1,1 bi, mas d\u00f3lar alto preocupa"},"content":{"rendered":"<h2><span style=\"font-weight: 400\">ROSANA HESSEL<\/span><\/h2>\n<h2><\/h2>\n<h2><span style=\"font-weight: 400\">O fluxo cambial registrou superavit de US$ 1,1 bilh\u00e3o at\u00e9 o dia 10 (s\u00e3o sete dias \u00fateis), conforme dados divulgados nesta quarta-feira (15\/01) pelo Banco Central. Esse saldo positivo, no entanto, ainda n\u00e3o sinalizada uma virada ap\u00f3s debandada recorde no ano passado, de US$ 44,8 bilh\u00f5es, segundo especialistas. Eles alertam para um comportamento at\u00edpico do mercado de c\u00e2mbio que mostra frustra\u00e7\u00e3o com a economia.<\/span><\/h2>\n<h2><\/h2>\n<p><span style=\"font-weight: 400\">Os primeiros meses do ano costumam ter fluxos cambiais positivos. Em janeiro 2019, a entrada l\u00edquida de d\u00f3lares foi de US$ 55 milh\u00f5es e, no primeiro m\u00eas de 2018, o saldo positivo ficou em\u00a0 US$ 8,1 bilh\u00f5es. Mas o<\/span><span style=\"font-weight: 400\">\u00a0d\u00f3lar est\u00e1 subindo muito e chegou perto de US$ 4,20 no dia em que os dados do varejo frustraram as expectativas do mercado. Al\u00e9m disso, o BC registrou perda de R$ 1,4 bilh\u00e3o nas opera\u00e7\u00f5es de swaps cambiais nos 10 primeiros dias de janeiro.\u00a0<\/span><\/p>\n<p>&nbsp;<\/p>\n<p><span style=\"font-weight: 400\">Logo, a melhora das previs\u00f5es do governo de crescimento econ\u00f4mico em 2020 e o fato de o presidente Jair Bolsonaro comemorar a sinaliza\u00e7\u00e3o dos Estados Unidos em dar apoio priorit\u00e1rio \u00e0 entrada do Brasil na Organiza\u00e7\u00e3o para Coopera\u00e7\u00e3o e Desenvolvimento Econ\u00f4mico (OCDE) n\u00e3o ajudaram a animar os operadores do mercado.\u00a0<\/span><\/p>\n<p>&nbsp;<\/p>\n<p><strong>Preocupa\u00e7\u00e3o<\/strong><\/p>\n<p>&nbsp;<\/p>\n<p><span style=\"font-weight: 400\">O economista e diretor executivo da NGO Corretora, Sidnei Nehme, demonstra preocupa\u00e7\u00e3o com o comportamento do mercado de c\u00e2mbio. \u201cMesmo com o clima externo mais favor\u00e1vel, com Estados Unidos e China fechando a primeira etapa do acordo comercial e as tens\u00f5es no Ir\u00e3 diminuindo, ap\u00f3s o pa\u00eds ter derrubado o avi\u00e3o comercial com cidad\u00e3os civis por engano, o d\u00f3lar est\u00e1 subindo, e a bolsa caindo\u201d, lamentou.\u00a0<\/span><\/p>\n<p>&nbsp;<\/p>\n<p><span style=\"font-weight: 400\">De acordo com o economista-chefe da Necton Investimentos, Andr\u00e9 Perfeito, o real lidera a lista das moedas emergentes mais desvalorizadas hoje. \u201cOs dados da atividade de novembro est\u00e3o vindo ruins, e isso refor\u00e7a a ideia de que a recupera\u00e7\u00e3o da atividade econ\u00f4mica n\u00e3o est\u00e1 t\u00e3o forte como se esperava. Portanto, o Banco Central est\u00e1 no meio de uma contradi\u00e7\u00e3o. Ele n\u00e3o poder\u00e1 cortar juros na pr\u00f3xima reuni\u00e3o em fevereiro, porque o d\u00f3lar est\u00e1 subindo, e tamb\u00e9m n\u00e3o poder\u00e1 subir a taxa b\u00e1sica, j\u00e1 que a economia n\u00e3o est\u00e1 reagindo\u201d, explicou. Pelas proje\u00e7\u00f5es dele, o d\u00f3lar dever\u00e1 encerrar o ano em R$ 4,30.<\/span><\/p>\n<p>&nbsp;<\/p>\n<p><span style=\"font-weight: 400\">Para Nehme, a ficha no mercado est\u00e1 caindo porque as proje\u00e7\u00f5es otimistas de retomada da economia n\u00e3o devem se concretizar, e o BC deveria estar mais preocupado com o fato de a infla\u00e7\u00e3o ter ficado acima do esperado em 2019, quando o \u00cdndice de Pre\u00e7os ao Consumidor Amplo (IPCA) disparou 4,31%. Mais: deveria estar no radar da autoridade monet\u00e1ria o fato de que o d\u00f3lar mais alto pressiona o custo de vida. \u201c<\/span><span style=\"font-weight: 400\">O cen\u00e1rio n\u00e3o permite deslizes na gest\u00e3o que possam neutralizar as expectativas\u201d, alertou.\u00a0 <\/span><\/p>\n<p>&nbsp;<\/p>\n<p><span style=\"font-weight: 400\">O economista\u00a0<\/span>da Necton avaliou que o mercado apostou muito que o Banco Central sozinho conseguiria resolver o problema do baixo crescimento da economia e, por isso, o comportamento agora \u00e9 de instabilidade. &#8220;O papel do BC j\u00e1 acabou, n\u00e3o tem mais como reduzir os juros. Agora, falta o Minist\u00e9rio da Economia come\u00e7ar a agir mais, mas n\u00e3o tem como estimular a economia com aumento de gastos do governo, porque n\u00e3o h\u00e1 espa\u00e7o fiscal&#8221;, comentou.<\/p>\n<p>&nbsp;<\/p>\n<p><em>Bras\u00edlia, 16h26min<\/em><\/p>\n","protected":false},"excerpt":{"rendered":"<p>ROSANA HESSEL O fluxo cambial registrou superavit de US$ 1,1 bilh\u00e3o at\u00e9 o dia 10 (s\u00e3o sete dias \u00fateis), conforme dados divulgados nesta quarta-feira (15\/01) pelo Banco Central. Esse saldo positivo, no entanto, ainda n\u00e3o sinalizada uma virada ap\u00f3s debandada recorde no ano passado, de US$ 44,8 bilh\u00f5es, segundo especialistas. Eles alertam para um comportamento [&hellip;]<\/p>\n","protected":false},"author":22,"featured_media":0,"comment_status":"open","ping_status":"closed","sticky":false,"template":"","format":"standard","meta":{"footnotes":""},"categories":[600],"tags":[3,849,113,343,4276,14],"class_list":["post-12734","post","type-post","status-publish","format-standard","hentry","category-economia","tag-banco-central","tag-cambio","tag-crescimento","tag-dolar","tag-fluxo","tag-inflacao"],"_links":{"self":[{"href":"https:\/\/blogs.correiobraziliense.com.br\/vicente\/wp-json\/wp\/v2\/posts\/12734","targetHints":{"allow":["GET"]}}],"collection":[{"href":"https:\/\/blogs.correiobraziliense.com.br\/vicente\/wp-json\/wp\/v2\/posts"}],"about":[{"href":"https:\/\/blogs.correiobraziliense.com.br\/vicente\/wp-json\/wp\/v2\/types\/post"}],"author":[{"embeddable":true,"href":"https:\/\/blogs.correiobraziliense.com.br\/vicente\/wp-json\/wp\/v2\/users\/22"}],"replies":[{"embeddable":true,"href":"https:\/\/blogs.correiobraziliense.com.br\/vicente\/wp-json\/wp\/v2\/comments?post=12734"}],"version-history":[{"count":9,"href":"https:\/\/blogs.correiobraziliense.com.br\/vicente\/wp-json\/wp\/v2\/posts\/12734\/revisions"}],"predecessor-version":[{"id":12745,"href":"https:\/\/blogs.correiobraziliense.com.br\/vicente\/wp-json\/wp\/v2\/posts\/12734\/revisions\/12745"}],"wp:attachment":[{"href":"https:\/\/blogs.correiobraziliense.com.br\/vicente\/wp-json\/wp\/v2\/media?parent=12734"}],"wp:term":[{"taxonomy":"category","embeddable":true,"href":"https:\/\/blogs.correiobraziliense.com.br\/vicente\/wp-json\/wp\/v2\/categories?post=12734"},{"taxonomy":"post_tag","embeddable":true,"href":"https:\/\/blogs.correiobraziliense.com.br\/vicente\/wp-json\/wp\/v2\/tags?post=12734"}],"curies":[{"name":"wp","href":"https:\/\/api.w.org\/{rel}","templated":true}]}}