{"id":12726,"date":"2020-01-15T13:05:47","date_gmt":"2020-01-15T16:05:47","guid":{"rendered":"https:\/\/blogs.correiobraziliense.com.br\/vicente\/?p=12726"},"modified":"2020-01-15T13:07:51","modified_gmt":"2020-01-15T16:07:51","slug":"mpf-nao-descarta-acao-preventiva-contra-recrutamento-de-militares-no-inss","status":"publish","type":"post","link":"https:\/\/blogs.correiobraziliense.com.br\/vicente\/mpf-nao-descarta-acao-preventiva-contra-recrutamento-de-militares-no-inss\/","title":{"rendered":"MPF n\u00e3o descarta a\u00e7\u00e3o preventiva contra recrutamento de militares no INSS"},"content":{"rendered":"<p><span style=\"font-weight: 400\">RODOLFO COSTA<\/span><\/p>\n<p>&nbsp;<\/p>\n<p><span style=\"font-weight: 400\">A contrata\u00e7\u00e3o de 7 mil militares para refor\u00e7ar os atendimentos no Instituto Nacional do Seguro Social (INSS) pode ser contestada pelo Minist\u00e9rio P\u00fablico Federal (MPF). O <\/span><b>Blog<\/b><span style=\"font-weight: 400\"> apurou que grupos que atuam com o tema estudam a possibilidade de agir preventivamente para impedir a Uni\u00e3o e a Presid\u00eancia do INSS de promoverem o recrutamento. O que est\u00e1 em an\u00e1lise \u00e9 se a proposta vai trazer efici\u00eancia suficiente para fazer valer o custo gerado aos cofres p\u00fablicos.\u00a0<\/span><\/p>\n<p>&nbsp;<\/p>\n<p><span style=\"font-weight: 400\">O MPF ainda realiza c\u00e1lculos e faz avalia\u00e7\u00f5es criteriosas antes de tomar qualquer medida. \u201cQual \u00e9 o custo do treinamento? Como ser\u00e3o alocados? Quanto custar\u00e1?\u201d, indaga um integrante do MPF. Primeiro, se mensura os impactos para saber se v\u00e3o vantajosos, ou n\u00e3o, e depois adota alguma posi\u00e7\u00e3o. As an\u00e1lises feitas at\u00e9 o momento, contudo, sugerem que a medida aventada pelo governo pode n\u00e3o trazer o melhor custo-benef\u00edcio para os milh\u00f5es de brasileiros em busca de atendimento.\u00a0<\/span><\/p>\n<p>&nbsp;<\/p>\n<p><span style=\"font-weight: 400\">Uma das pondera\u00e7\u00f5es levantadas no MPF \u00e9 a situa\u00e7\u00e3o da Empresa de Tecnologia e Informa\u00e7\u00f5es da Previd\u00eancia Social (Dataprev). Conforme a coluna \u201c<em>Nas entrelinhas<\/em>\u201d, do <\/span><b>Correio<\/b><span style=\"font-weight: 400\">, destacou nesta quarta-feira (15\/1), a estatal est\u00e1 demitindo empregados de 21 regionais, que ser\u00e3o extintas a partir de fevereiro. \u201cE n\u00e3o est\u00e1 assegurada a possibilidade de realoca\u00e7\u00e3o de pessoas concursadas que poderiam ser aproveitadas, por exemplo, no INSS\u201d, destacou uma fonte.<\/span><\/p>\n<p>&nbsp;<\/p>\n<p><span style=\"font-weight: 400\">Sem um Dataprev fortalecido, h\u00e1 um entendimento no MPF que n\u00e3o \u00e9 poss\u00edvel fazer as adapta\u00e7\u00f5es nos sistemas de concess\u00e3o e, assim, resolver boa parte dos problemas nas filas do INSS. \u201cTodos sabiam que tinham que ser feitas em raz\u00e3o da reforma da Previd\u00eancia. Essa ideia de trazer os militares vai gerar um custo que n\u00e3o se sabe se ter\u00e1 qualquer efici\u00eancia\u201d, criticou outro integrante.\u00a0<\/span><\/p>\n<p>&nbsp;<\/p>\n<p><strong>Justi\u00e7a<\/strong><\/p>\n<p><span style=\"font-weight: 400\">Outra considera\u00e7\u00e3o feita no \u00f3rg\u00e3o \u00e9 sobre os gastos que o governo ter\u00e1 de lidar na Justi\u00e7a, e como equacionar a conta final. \u201cAs sess\u00f5es da Justi\u00e7a Federal est\u00e3o cheias de mandados de seguran\u00e7a contra atrasos na concess\u00e3o, que geram mais custos, porque, quando concedidos, s\u00e3o pagos com ajustes de mora. E o benefici\u00e1rio ainda fica prejudicado se o valor for um pouco mais alto, tendo em vista que a Receita Federal cobra o Imposto de Renda, o que \u00e9 indevido\u201d, alertou uma fonte.<\/span><\/p>\n<p>&nbsp;<\/p>\n<p>O protelamento de contrata\u00e7\u00f5es de servidores p\u00fablicos para o INSS \u00e9 outra observa\u00e7\u00e3o avaliada no MPF. Em agosto de 2019, o \u00f3rg\u00e3o, por meio da Procuradoria da Rep\u00fablica no Distrito Federal (PRDF), entrou com uma A\u00e7\u00e3o Civil P\u00fablica (ACP) exigindo que Uni\u00e3o e INSS contratem novos funcion\u00e1rios. A mat\u00e9ria est\u00e1 tanto na atribui\u00e7\u00e3o da Procuradoria Federal dos Direitos do Cidad\u00e3o (PFDC), como, tamb\u00e9m, da\u00a01\u00aa C\u00e2mara de Direitos Sociais e Fiscaliza\u00e7\u00e3o de Atos Administrativos em Geral (CCR 1).<\/p>\n<p>&nbsp;<\/p>\n<p><b>Recrutamento<\/b><\/p>\n<p><span style=\"font-weight: 400\">Dentro das pr\u00f3prias For\u00e7as Armadas h\u00e1 quem avalie que o caminho n\u00e3o \u00e9 o ideal e sugere que o refor\u00e7o poderia ser feito aproveitando pessoal de estatais em processo de privatiza\u00e7\u00e3o. De toda forma, o presidente Jair Bolsonaro disse, nesta quarta, que ainda n\u00e3o sabe quando editar\u00e1 o decreto autorizando o recrutamento de militares. \u201cPor mim, (o decreto) sai hoje. Estamos discutindo, mas a gente n\u00e3o pode fazer decreto para, depois, desfazer, n\u00e9. (Mas quero que saia) o mais r\u00e1pido poss\u00edvel\u201d, destacou.<\/span><\/p>\n<p>&nbsp;<\/p>\n<p><span style=\"font-weight: 400\">O chefe do Executivo federal n\u00e3o deu\u00a0 muitos detalhes, mas disse que qualquer militar poder\u00e1 participar do processo. \u201cL\u00f3gico, tem que ter um treinamento antes. Sendo aprovado no treinamento, (atuar\u00e1) quase como um atendente. \u00c9 juntar a papelada, orientar, \u00e9 esse trabalho a\u00ed\u201d, explicou. Os militares eventualmente convidados a participar do mutir\u00e3o receber\u00e3o 30% a mais sobre seus sal\u00e1rios. \u201cE n\u00e3o tem qualquer encargo trabalhista, n\u00e3o tem nada. Ent\u00e3o, \u00e9 muito simples\u201d, afirmou. <\/span><\/p>\n","protected":false},"excerpt":{"rendered":"<p>RODOLFO COSTA &nbsp; A contrata\u00e7\u00e3o de 7 mil militares para refor\u00e7ar os atendimentos no Instituto Nacional do Seguro Social (INSS) pode ser contestada pelo Minist\u00e9rio P\u00fablico Federal (MPF). O Blog apurou que grupos que atuam com o tema estudam a possibilidade de agir preventivamente para impedir a Uni\u00e3o e a Presid\u00eancia do INSS de promoverem [&hellip;]<\/p>\n","protected":false},"author":22,"featured_media":0,"comment_status":"open","ping_status":"closed","sticky":false,"template":"","format":"standard","meta":{"footnotes":""},"categories":[600],"tags":[2554,2407,408,2553,769,1836,1400,2439],"class_list":["post-12726","post","type-post","status-publish","format-standard","hentry","category-economia","tag-bolsonaro","tag-federal","tag-inss","tag-jair","tag-militares","tag-ministerio","tag-mpf","tag-publico"],"_links":{"self":[{"href":"https:\/\/blogs.correiobraziliense.com.br\/vicente\/wp-json\/wp\/v2\/posts\/12726","targetHints":{"allow":["GET"]}}],"collection":[{"href":"https:\/\/blogs.correiobraziliense.com.br\/vicente\/wp-json\/wp\/v2\/posts"}],"about":[{"href":"https:\/\/blogs.correiobraziliense.com.br\/vicente\/wp-json\/wp\/v2\/types\/post"}],"author":[{"embeddable":true,"href":"https:\/\/blogs.correiobraziliense.com.br\/vicente\/wp-json\/wp\/v2\/users\/22"}],"replies":[{"embeddable":true,"href":"https:\/\/blogs.correiobraziliense.com.br\/vicente\/wp-json\/wp\/v2\/comments?post=12726"}],"version-history":[{"count":3,"href":"https:\/\/blogs.correiobraziliense.com.br\/vicente\/wp-json\/wp\/v2\/posts\/12726\/revisions"}],"predecessor-version":[{"id":12730,"href":"https:\/\/blogs.correiobraziliense.com.br\/vicente\/wp-json\/wp\/v2\/posts\/12726\/revisions\/12730"}],"wp:attachment":[{"href":"https:\/\/blogs.correiobraziliense.com.br\/vicente\/wp-json\/wp\/v2\/media?parent=12726"}],"wp:term":[{"taxonomy":"category","embeddable":true,"href":"https:\/\/blogs.correiobraziliense.com.br\/vicente\/wp-json\/wp\/v2\/categories?post=12726"},{"taxonomy":"post_tag","embeddable":true,"href":"https:\/\/blogs.correiobraziliense.com.br\/vicente\/wp-json\/wp\/v2\/tags?post=12726"}],"curies":[{"name":"wp","href":"https:\/\/api.w.org\/{rel}","templated":true}]}}